{"id":69320,"date":"2025-05-11T09:48:00","date_gmt":"2025-05-11T07:48:00","guid":{"rendered":"https:\/\/fundacioateneusantroc.org\/?p=69320"},"modified":"2025-11-12T15:32:07","modified_gmt":"2025-11-12T14:32:07","slug":"papa-lleo-viv","status":"publish","type":"post","link":"https:\/\/fundacioateneusantroc.org\/es\/papa-lleo-viv\/","title":{"rendered":"Abans de ser Papa, Robert Prevost va posar en relleu la feina de l\u2019Ateneu"},"content":{"rendered":"\n<p>Durant aquests dies, la Fundaci\u00f3 Ateneu Sant Roc ha sortit als mitjans de comunicaci\u00f3 amb molta ebullici\u00f3, arran del fet que l&#8217;actual papa Lle\u00f3 XIV, fa uns anys va visitar l\u2019Ateneu. En el marc de la seva visita institucional agustiniana a la parr\u00f2quia de Sant Roc i gr\u00e0cies a la implicaci\u00f3 de la comunitat parroquial, va con\u00e8ixer de primera m\u00e0 la nostra tasca. La not\u00edcia real, per\u00f2, i m\u00e9s important per tots nosaltres, \u00e9s que, va copsar l\u2019ess\u00e8ncia de la tasca que s\u2019hi fa i ho va posar en valor.<\/p>\n\n\n\n<p>Us convidem a remenar, llegir, veure els v\u00eddeos i els retalls de premsa que ens han dedicat. Hi sou plenament convidats\u2026 i en formeu part.<\/p>\n\n\n\n<div class=\"wp-block-columns is-layout-flex wp-container-core-columns-is-layout-9d6595d7 wp-block-columns-is-layout-flex\">\n<div class=\"wp-block-column is-layout-flow wp-block-column-is-layout-flow\">\n<figure class=\"wp-block-embed is-type-video is-provider-youtube wp-block-embed-youtube wp-embed-aspect-16-9 wp-has-aspect-ratio\"><div class=\"wp-block-embed__wrapper\">\n<iframe loading=\"lazy\" title=\"Lleo\u0301 XIV i Sant Roc TV3-Tot es mou\" width=\"500\" height=\"281\" src=\"https:\/\/www.youtube.com\/embed\/pVzqqoZdkgQ?list=PLePMpJolok9QxaVWkxrdCEzfPC0xBtPFN\" frameborder=\"0\" allow=\"accelerometer; autoplay; clipboard-write; encrypted-media; gyroscope; picture-in-picture; web-share\" referrerpolicy=\"strict-origin-when-cross-origin\" allowfullscreen><\/iframe>\n<\/div><figcaption class=\"wp-element-caption\"><strong>TV3 \u00b7 Tot es mou<\/strong> \u00b7 Helena Garcia Melero<\/figcaption><\/figure>\n<\/div>\n\n\n\n<div class=\"wp-block-column is-layout-flow wp-block-column-is-layout-flow\">\n<figure class=\"wp-block-embed is-type-video is-provider-youtube wp-block-embed-youtube wp-embed-aspect-16-9 wp-has-aspect-ratio\"><div class=\"wp-block-embed__wrapper\">\n<iframe loading=\"lazy\" title=\"Lleo\u0301 XIV i Sant Roc TV3-Informatius\" width=\"500\" height=\"281\" src=\"https:\/\/www.youtube.com\/embed\/3lyrk4Grki0?list=PLePMpJolok9QxaVWkxrdCEzfPC0xBtPFN\" frameborder=\"0\" allow=\"accelerometer; autoplay; clipboard-write; encrypted-media; gyroscope; picture-in-picture; web-share\" referrerpolicy=\"strict-origin-when-cross-origin\" allowfullscreen><\/iframe>\n<\/div><figcaption class=\"wp-element-caption\"><strong>TV3 \u00b7 Informatius<\/strong> : Toni Cruanyes<\/figcaption><\/figure>\n<\/div>\n<\/div>\n\n\n\n<div class=\"wp-block-columns is-layout-flex wp-container-core-columns-is-layout-9d6595d7 wp-block-columns-is-layout-flex\">\n<div class=\"wp-block-column is-layout-flow wp-block-column-is-layout-flow\">\n<figure class=\"wp-block-embed is-type-video is-provider-youtube wp-block-embed-youtube wp-embed-aspect-16-9 wp-has-aspect-ratio\"><div class=\"wp-block-embed__wrapper\">\n<iframe loading=\"lazy\" title=\"Lleo\u0301 XIV i Sant Roc RTVE Catalunya\" width=\"500\" height=\"281\" src=\"https:\/\/www.youtube.com\/embed\/Qqfs7EsCiHI?list=PLePMpJolok9QxaVWkxrdCEzfPC0xBtPFN\" frameborder=\"0\" allow=\"accelerometer; autoplay; clipboard-write; encrypted-media; gyroscope; picture-in-picture; web-share\" referrerpolicy=\"strict-origin-when-cross-origin\" allowfullscreen><\/iframe>\n<\/div><figcaption class=\"wp-element-caption\"><strong>RTV3 \u00b7 Informatius-Catalunya<\/strong>&#8211;<strong>El Vespre<\/strong> \u00b7 Quim Barnola<\/figcaption><\/figure>\n<\/div>\n\n\n\n<div class=\"wp-block-column is-layout-flow wp-block-column-is-layout-flow\">\n<figure class=\"wp-block-embed is-type-video is-provider-youtube wp-block-embed-youtube wp-embed-aspect-16-9 wp-has-aspect-ratio\"><div class=\"wp-block-embed__wrapper\">\n<iframe loading=\"lazy\" title=\"Lleo\u0301 XIV i Sant Roc BDN Comunicacio\u0301\" width=\"500\" height=\"281\" src=\"https:\/\/www.youtube.com\/embed\/5zI9fLYIGE4?feature=oembed\" frameborder=\"0\" allow=\"accelerometer; autoplay; clipboard-write; encrypted-media; gyroscope; picture-in-picture; web-share\" referrerpolicy=\"strict-origin-when-cross-origin\" allowfullscreen><\/iframe>\n<\/div><figcaption class=\"wp-element-caption\"><strong>BDN Comunicaci\u00f3<\/strong><\/figcaption><\/figure>\n<\/div>\n<\/div>\n\n\n\n<div class=\"wp-block-columns is-layout-flex wp-container-core-columns-is-layout-9d6595d7 wp-block-columns-is-layout-flex\">\n<div class=\"wp-block-column is-layout-flow wp-block-column-is-layout-flow\">\n<figure class=\"wp-block-embed is-type-video is-provider-youtube wp-block-embed-youtube wp-embed-aspect-16-9 wp-has-aspect-ratio\"><div class=\"wp-block-embed__wrapper\">\n<iframe loading=\"lazy\" title=\"Lleo\u0301 XIV i Sant Roc RAC1\" width=\"500\" height=\"281\" src=\"https:\/\/www.youtube.com\/embed\/pYsLXPOSHng?feature=oembed\" frameborder=\"0\" allow=\"accelerometer; autoplay; clipboard-write; encrypted-media; gyroscope; picture-in-picture; web-share\" referrerpolicy=\"strict-origin-when-cross-origin\" allowfullscreen><\/iframe>\n<\/div><figcaption class=\"wp-element-caption\"><strong>RAC1 \u00b7<\/strong>Via lliure \u00b7 Xavi Bund\u00f3<\/figcaption><\/figure>\n<\/div>\n\n\n\n<div class=\"wp-block-column is-layout-flow wp-block-column-is-layout-flow\">\n<figure class=\"wp-block-embed is-type-video is-provider-youtube wp-block-embed-youtube wp-embed-aspect-16-9 wp-has-aspect-ratio\"><div class=\"wp-block-embed__wrapper\">\n<iframe loading=\"lazy\" title=\"Lleo\u0301 XIV i Sant Roc Diario de Jorge\" width=\"500\" height=\"281\" src=\"https:\/\/www.youtube.com\/embed\/qZ4JATq0QqE?feature=oembed\" frameborder=\"0\" allow=\"accelerometer; autoplay; clipboard-write; encrypted-media; gyroscope; picture-in-picture; web-share\" referrerpolicy=\"strict-origin-when-cross-origin\" allowfullscreen><\/iframe>\n<\/div><figcaption class=\"wp-element-caption\"><strong>MITELE<\/strong> \u00b7 Diario de Jorge \u00b7 Jorge Javier V\u00e1zquez<\/figcaption><\/figure>\n<\/div>\n<\/div>\n\n\n\n<p><strong>BDN Comunicaci\u00f3<\/strong> (9\/05\/2025)<br><a href=\"https:\/\/fundacioateneusantroc.org\/wp-content\/uploads\/2025-papa-bdn-comunicacio-scaled.jpg\" target=\"_blank\" rel=\"noreferrer noopener\">El Papa Lle\u00f3 XIV sobre la Fundaci\u00f3 Ateneu Sant Roc: &#8216;Molts laics ens donen un gran exemple<\/a><\/p>\n\n\n\n<p><strong>Diari ara<\/strong> (9\/05\/2025)<br><a href=\"https:\/\/fundacioateneusantroc.org\/wp-content\/uploads\/2025-papa-Diari-ara-scaled.jpg\" target=\"_blank\" rel=\"noreferrer noopener\">El dia que Lle\u00f3 XIV va con\u00e8ixer el barri de Sant Roc de Badalona<\/a><\/p>\n\n\n\n<p><strong>Catalunya Religi\u00f3<\/strong> (9\/05\/2025)<br><a href=\"https:\/\/fundacioateneusantroc.org\/wp-content\/uploads\/Cardenal-Prevost-a-Catalunya_-Molts-laics-ens-donen-un-gran-exemple-_-Catalunya-Religio.pdf\" target=\"_blank\" rel=\"noreferrer noopener\">Cardenal Prevost a Catalunya: \u201cMolts laics ens donen un gran exemple\u201d<\/a><\/p>\n\n\n\n<p><strong>El Peri\u00f3dico<\/strong> \u00b7 Helena L\u00f3pez (9\/05\/2025)<br><a href=\"https:\/\/fundacioateneusantroc.org\/wp-content\/uploads\/2025-papa-el-periodico-scaled.jpg\" target=\"_blank\" rel=\"noreferrer noopener\">El papa Le\u00f3n XIV visit\u00f3 Catalunya en 2017: &#8220;Muchos laicos nos dan un gran ejemplo&#8221;<\/a><\/p>\n\n\n\n<p><strong>RAC 1 Via Lliure<\/strong> \u00b7 Xavi Bund\u00f3 (10\/05\/2025)<br><a href=\"https:\/\/fundacioateneusantroc.org\/wp-content\/uploads\/2025-papa-via-lliure.jpg\" target=\"_blank\" rel=\"noreferrer noopener\">Salva Figuerola, director de la Fundaci\u00f3 Ateneu Sant Roc, lloada pel nou papa: &#8220;Va entendre la nostra manera de fer&#8221;<\/a><\/p>\n\n\n\n<p><strong>Cr\u00f3nica Global<\/strong> \u00b7 Joan Col\u00e0s (10\/05\/2025)<br><a href=\"https:\/\/fundacioateneusantroc.org\/wp-content\/uploads\/2025-papa-cronica-global-scaled.jpg\" target=\"_blank\" rel=\"noreferrer noopener\">Esta es la entidad vecinal de Catalu\u00f1a visitada por el papa Le\u00f3n XIV: un espacio de ayuda para los m\u00e1s desfavorecidos<\/a><\/p>\n\n\n\n<p><strong>Catalunya Press<\/strong> (10\/05\/2025)<br><a href=\"https:\/\/fundacioateneusantroc.org\/wp-content\/uploads\/2025-papa-catalunya-press.jpg\" target=\"_blank\" rel=\"noreferrer noopener\">Cuando Badalona toc\u00f3 Roma: la breve pero significativa visita del Papa Le\u00f3n XIV al barrio de Sant Roc<\/a><\/p>\n\n\n\n<p><strong>El Tot <\/strong>\u00b7 (10\/05\/2025)<br><a href=\"https:\/\/fundacioateneusantroc.org\/wp-content\/uploads\/2025-papa-el-tot.jpg\">El Papa Lle\u00f3 XIV, marcat per la seva visita al barri de Sant Roc<\/a><\/p>\n\n\n\n<p><strong>L\u00ednia Nord<\/strong> \u00b7 (12\/05\/2025)<br><a href=\"https:\/\/fundacioateneusantroc.org\/wp-content\/uploads\/2025-papa-linia-nord.jpg\">El dia que el papa Lle\u00f3 XIV va visitar el barri de Sant Roc de Badalona<\/a><\/p>\n\n\n\n<p><strong>Tornaveu<\/strong> \u00b7 Pere Balt\u00e0 (14\/05\/2025)<br><a href=\"https:\/\/fundacioateneusantroc.org\/wp-content\/uploads\/2025-papa-Tornaveu-scaled.jpg\">De Lle\u00f3 XIII a Lle\u00f3 XIV,el papa que visit\u00e0 l&#8217;Ateneu de Sant Roc de Badalona<\/a><\/p>\n\n\n\n<p><strong>Lecturas<\/strong> \u00b7 Historia de&nbsp;Jorge Javier V\u00e1zquez (14\/05\/2025)<br><a href=\"https:\/\/fundacioateneusantroc.org\/wp-content\/uploads\/2025-papa-lecturas-scaled.jpg\">Me ha emocionado saber que el nuevo Papa visit\u00f3 mi barrio de Badalona<\/a><\/p>\n\n\n\n<p><strong>Catalunya Cristiana<\/strong> \u00b7 Joan Andreu Parra (20\/05\/2025)<br><a href=\"https:\/\/fundacioateneusantroc.org\/wp-content\/uploads\/2025-catalunya-cristiana.pdf\">L\u2019ADN \u201cperif\u00e8ric\u201d de Robert Prevost<\/a><\/p>\n\n\n\n<p><strong>Diari de Badalona<\/strong> \u00b7 Eva G\u00f3mez (23\/05\/2025)<br><a href=\"https:\/\/fundacioateneusantroc.org\/wp-content\/uploads\/2025-papa-diari-de-badalona.jpg\">Qu\u00e8 va impactar el Papa Lle\u00f3 XIV en les seves visites a Sant Roc<\/a><\/p>\n\n\n\n<p><strong>Viquip\u00e8dia<\/strong><br><a href=\"https:\/\/ca.wikipedia.org\/wiki\/Lle%C3%B3_XIV\" target=\"_blank\" rel=\"noopener\">Lle\u00f3 XIV<\/a><\/p>\n\n\n\n<p><strong>Premis i reconeixements de la Fundaci\u00f3 Ateneu Sant Roc<\/strong><br><em><a href=\"https:\/\/fundacioateneusantroc.org\/nosaltres\/#:~:text=Premis%20i%20reconeixements\">Veure apartat<\/a><\/em><\/p>\n","protected":false},"excerpt":{"rendered":"<p>Durant aquests dies, la Fundaci\u00f3 Ateneu Sant Roc ha sortit als mitjans de comunicaci\u00f3 amb molta [&hellip;]<\/p>\n","protected":false},"author":2,"featured_media":68457,"comment_status":"open","ping_status":"open","sticky":false,"template":"","format":"standard","meta":{"footnotes":""},"categories":[2],"tags":[],"class_list":["post-69320","post","type-post","status-publish","format-standard","has-post-thumbnail","hentry","category-premsa"],"_links":{"self":[{"href":"https:\/\/fundacioateneusantroc.org\/es\/wp-json\/wp\/v2\/posts\/69320","targetHints":{"allow":["GET"]}}],"collection":[{"href":"https:\/\/fundacioateneusantroc.org\/es\/wp-json\/wp\/v2\/posts"}],"about":[{"href":"https:\/\/fundacioateneusantroc.org\/es\/wp-json\/wp\/v2\/types\/post"}],"author":[{"embeddable":true,"href":"https:\/\/fundacioateneusantroc.org\/es\/wp-json\/wp\/v2\/users\/2"}],"replies":[{"embeddable":true,"href":"https:\/\/fundacioateneusantroc.org\/es\/wp-json\/wp\/v2\/comments?post=69320"}],"version-history":[{"count":2,"href":"https:\/\/fundacioateneusantroc.org\/es\/wp-json\/wp\/v2\/posts\/69320\/revisions"}],"predecessor-version":[{"id":69710,"href":"https:\/\/fundacioateneusantroc.org\/es\/wp-json\/wp\/v2\/posts\/69320\/revisions\/69710"}],"wp:featuredmedia":[{"embeddable":true,"href":"https:\/\/fundacioateneusantroc.org\/es\/wp-json\/wp\/v2\/media\/68457"}],"wp:attachment":[{"href":"https:\/\/fundacioateneusantroc.org\/es\/wp-json\/wp\/v2\/media?parent=69320"}],"wp:term":[{"taxonomy":"category","embeddable":true,"href":"https:\/\/fundacioateneusantroc.org\/es\/wp-json\/wp\/v2\/categories?post=69320"},{"taxonomy":"post_tag","embeddable":true,"href":"https:\/\/fundacioateneusantroc.org\/es\/wp-json\/wp\/v2\/tags?post=69320"}],"curies":[{"name":"wp","href":"https:\/\/api.w.org\/{rel}","templated":true}]}}