{"id":69621,"date":"2025-08-01T08:10:57","date_gmt":"2025-08-01T06:10:57","guid":{"rendered":"https:\/\/fundacioateneusantroc.org\/?p=69621"},"modified":"2025-08-05T12:29:15","modified_gmt":"2025-08-05T10:29:15","slug":"bdn-comunicacio-%c2%b7-torna-un-any-mes-el-casal-destiu-de-la-fundacio-ateneu-sant-roc","status":"publish","type":"post","link":"https:\/\/fundacioateneusantroc.org\/es\/bdn-comunicacio-%c2%b7-torna-un-any-mes-el-casal-destiu-de-la-fundacio-ateneu-sant-roc\/","title":{"rendered":"BDN Comunicaci\u00f3 \u00b7 Torna un any m\u00e9s el Casal d&#8217;Estiu de la Fundaci\u00f3 Ateneu Sant Roc"},"content":{"rendered":"\n<figure class=\"wp-block-image size-full\"><img loading=\"lazy\" decoding=\"async\" width=\"800\" height=\"532\" src=\"https:\/\/fundacioateneusantroc.org\/wp-content\/uploads\/2025-bdn-comunicacio-casal-0.jpg\" alt=\"\" class=\"wp-image-69637\" srcset=\"https:\/\/fundacioateneusantroc.org\/wp-content\/uploads\/2025-bdn-comunicacio-casal-0.jpg 800w, https:\/\/fundacioateneusantroc.org\/wp-content\/uploads\/2025-bdn-comunicacio-casal-0-300x200.jpg 300w, https:\/\/fundacioateneusantroc.org\/wp-content\/uploads\/2025-bdn-comunicacio-casal-0-768x511.jpg 768w\" sizes=\"auto, (max-width: 800px) 100vw, 800px\" \/><\/figure>\n\n\n\n<p>Paula Montes, S\u00edlvia Villarroel i Raquel Moreno | 31 juliol 2025 |&nbsp;<strong><a href=\"https:\/\/www.bdncom.cat\/notice\/torna-un-any-mes-el-casal-destiu-de-la-fundacio-ateneu-sant-roc\" target=\"_blank\" rel=\"noreferrer noopener\">veure article a BDN Comunicaci\u00f3<\/a><\/strong><\/p>\n\n\n\n<p><em>Institut Eugeni d&#8217;Ors<\/em>\u00a0&#8211; El\u00a0<strong>Casal d&#8217;Estiu de la Fundaci\u00f3 Ateneu Sant Roc\u00a0<\/strong>ofereix un espai on els m\u00e9s petits del barri poden gaudir d&#8217;un ambient de lleure i desconnexi\u00f3. La\u00a0<strong>primera part del casal\u00a0<\/strong>va comen\u00e7ar despr\u00e9s de Sant Joan amb una\u00a0<strong>participaci\u00f3\u00a0<\/strong>d&#8217;uns\u00a0<strong>175 infants i joves\u00a0<\/strong>de diferents edats. Des del 14 de juliol han passat pel casal d&#8217;estiu uns 35 infants m\u00e9s.<\/p>\n\n\n\n<figure class=\"wp-block-image size-full\"><img loading=\"lazy\" decoding=\"async\" width=\"800\" height=\"600\" src=\"https:\/\/fundacioateneusantroc.org\/wp-content\/uploads\/2025-bdn-comunicacio-casal-2.jpg\" alt=\"\" class=\"wp-image-69624\" srcset=\"https:\/\/fundacioateneusantroc.org\/wp-content\/uploads\/2025-bdn-comunicacio-casal-2.jpg 800w, https:\/\/fundacioateneusantroc.org\/wp-content\/uploads\/2025-bdn-comunicacio-casal-2-300x225.jpg 300w, https:\/\/fundacioateneusantroc.org\/wp-content\/uploads\/2025-bdn-comunicacio-casal-2-768x576.jpg 768w\" sizes=\"auto, (max-width: 800px) 100vw, 800px\" \/><\/figure>\n\n\n\n<p>A banda del dia a dia en aquests mesos d&#8217;estiu a l&#8217;Ateneu del barri de Sant Roc tamb\u00e9,\u00a0<strong>75 infants i joves, han pogut gaudir d&#8217;unes col\u00f2nies de 9 dies<\/strong>. Unes activitats, juntament amb moltes altres, que permeten als nens del barri\u00a0<strong>poder gaudir d&#8217;un espai de lleure i sortides durant les seves vacances d&#8217;estiu.<\/strong><\/p>\n\n\n\n<p>Molts dels assistents del Casal ja participen de les activitats que l&#8217;Ateneu Sant Roc ofereix durant tot l&#8217;any, com l&#8217;esplai. Uns altres, en canvi, son repetidors del casal o fills de les alumnes de les classes de castell\u00e0 i catal\u00e0 de l&#8217;entitat. Aquestes 3 \u00faltimes setmanes de casal permeten als nens i nenes con\u00e8ixer les diferents realitats del barri, visitar nous llocs de la ciutat i crear un espai de cohesi\u00f3 i amistat entre ells.<\/p>\n\n\n\n<figure class=\"wp-block-image size-full\"><img loading=\"lazy\" decoding=\"async\" width=\"800\" height=\"600\" src=\"https:\/\/fundacioateneusantroc.org\/wp-content\/uploads\/2025-bdn-comunicacio-casal-3.jpg\" alt=\"\" class=\"wp-image-69626\" srcset=\"https:\/\/fundacioateneusantroc.org\/wp-content\/uploads\/2025-bdn-comunicacio-casal-3.jpg 800w, https:\/\/fundacioateneusantroc.org\/wp-content\/uploads\/2025-bdn-comunicacio-casal-3-300x225.jpg 300w, https:\/\/fundacioateneusantroc.org\/wp-content\/uploads\/2025-bdn-comunicacio-casal-3-768x576.jpg 768w\" sizes=\"auto, (max-width: 800px) 100vw, 800px\" \/><\/figure>\n\n\n\n<p><strong>La llengua vehicular del casal \u00e9s el catal\u00e0,<\/strong>&nbsp;fet que tamb\u00e9&nbsp;<strong>ajuda als m\u00e9s petits a aprendre i millorar el seu nivell de parla<\/strong>. L&#8217;Ateneu Sant Roc ofereix a tots els nens del barri l&#8217;oportunitat de gaudir d&#8217;un espai de lleure durant les seves vacances on&nbsp;<strong>l&#8217;aprenentatge<\/strong>, la&nbsp;<strong>diversi\u00f3&nbsp;<\/strong>i la&nbsp;<strong>cohesi\u00f3 s\u00f3n essencials.<\/strong><\/p>\n\n\n\n<figure class=\"wp-block-image size-full\"><img loading=\"lazy\" decoding=\"async\" width=\"800\" height=\"600\" src=\"https:\/\/fundacioateneusantroc.org\/wp-content\/uploads\/2025-bdn-comunicacio-casal-5.jpg\" alt=\"\" class=\"wp-image-69634\" srcset=\"https:\/\/fundacioateneusantroc.org\/wp-content\/uploads\/2025-bdn-comunicacio-casal-5.jpg 800w, https:\/\/fundacioateneusantroc.org\/wp-content\/uploads\/2025-bdn-comunicacio-casal-5-300x225.jpg 300w, https:\/\/fundacioateneusantroc.org\/wp-content\/uploads\/2025-bdn-comunicacio-casal-5-768x576.jpg 768w\" sizes=\"auto, (max-width: 800px) 100vw, 800px\" \/><\/figure>\n\n\n\n<p><\/p>\n","protected":false},"excerpt":{"rendered":"<p>Paula Montes, S\u00edlvia Villarroel i Raquel Moreno | 31 juliol 2025 |&nbsp;veure article a BDN Comunicaci\u00f3 [&hellip;]<\/p>\n","protected":false},"author":2,"featured_media":63868,"comment_status":"open","ping_status":"open","sticky":false,"template":"","format":"standard","meta":{"footnotes":""},"categories":[2,1706],"tags":[70,115,1158],"class_list":["post-69621","post","type-post","status-publish","format-standard","has-post-thumbnail","hentry","category-premsa","category-vacances","tag-activitats-de-vacances","tag-casal","tag-casals"],"_links":{"self":[{"href":"https:\/\/fundacioateneusantroc.org\/es\/wp-json\/wp\/v2\/posts\/69621","targetHints":{"allow":["GET"]}}],"collection":[{"href":"https:\/\/fundacioateneusantroc.org\/es\/wp-json\/wp\/v2\/posts"}],"about":[{"href":"https:\/\/fundacioateneusantroc.org\/es\/wp-json\/wp\/v2\/types\/post"}],"author":[{"embeddable":true,"href":"https:\/\/fundacioateneusantroc.org\/es\/wp-json\/wp\/v2\/users\/2"}],"replies":[{"embeddable":true,"href":"https:\/\/fundacioateneusantroc.org\/es\/wp-json\/wp\/v2\/comments?post=69621"}],"version-history":[{"count":7,"href":"https:\/\/fundacioateneusantroc.org\/es\/wp-json\/wp\/v2\/posts\/69621\/revisions"}],"predecessor-version":[{"id":69681,"href":"https:\/\/fundacioateneusantroc.org\/es\/wp-json\/wp\/v2\/posts\/69621\/revisions\/69681"}],"wp:featuredmedia":[{"embeddable":true,"href":"https:\/\/fundacioateneusantroc.org\/es\/wp-json\/wp\/v2\/media\/63868"}],"wp:attachment":[{"href":"https:\/\/fundacioateneusantroc.org\/es\/wp-json\/wp\/v2\/media?parent=69621"}],"wp:term":[{"taxonomy":"category","embeddable":true,"href":"https:\/\/fundacioateneusantroc.org\/es\/wp-json\/wp\/v2\/categories?post=69621"},{"taxonomy":"post_tag","embeddable":true,"href":"https:\/\/fundacioateneusantroc.org\/es\/wp-json\/wp\/v2\/tags?post=69621"}],"curies":[{"name":"wp","href":"https:\/\/api.w.org\/{rel}","templated":true}]}}