{"id":69722,"date":"2025-09-30T12:22:16","date_gmt":"2025-09-30T10:22:16","guid":{"rendered":"https:\/\/fundacioateneusantroc.org\/?p=69722"},"modified":"2025-09-30T12:25:32","modified_gmt":"2025-09-30T10:25:32","slug":"nacio-pressio-badalonina-a-albiol-catala","status":"publish","type":"post","link":"https:\/\/fundacioateneusantroc.org\/es\/nacio-pressio-badalonina-a-albiol-catala\/","title":{"rendered":"Naci\u00f3 \u00b7 Pressi\u00f3 badalonina a Albiol perqu\u00e8 faci canviar la postura del PP sobre l&#8217;oficialitat del catal\u00e0"},"content":{"rendered":"\n<h4 class=\"wp-block-heading\">L&#8217;alcalde va fer costat al Pacte per la Llengua, per\u00f2 despr\u00e9s se&#8217;n va desdir per les cr\u00edtiques de l&#8217;espanyolisme<\/h4>\n\n\n\n<p>Una quinzena d&#8217;entitats i associacions de ve\u00efns de Badalona han demanat a l&#8217;alcalde del municipi,\u00a0<strong>Xavier Garcia Albiol<\/strong>, que pressioni el seu partit, el\u00a0<strong>PP<\/strong>, perqu\u00e8 canvi\u00ef la postura sobre l&#8217;oficialitat del catal\u00e0 a\u00a0<strong>Europa<\/strong>. En una carta oberta impulsada per<strong>\u00a0Plataforma per la Llengua<\/strong>, els signants consideren que el batlle badalon\u00ed t\u00e9 &#8220;una responsabilitat i una oportunitat hist\u00f2riques per defensar el catal\u00e0&#8221;, at\u00e8s que el PP europeu reuneix aquest cap de setmana els seus representants a la ciutat que ell presideix.<\/p>\n\n\n\n<p>Tot plegat despr\u00e9s que el ple de Badalona aprov\u00e9s una moci\u00f3 de suport al&nbsp;<strong>Pacte Nacional per la Llengua&nbsp;<\/strong>que impulsa el Govern de la Generalitat. Albiol hi va donar suport, per\u00f2 despr\u00e9s se&#8217;n va desdir les cr\u00edtiques de l&#8217;espanyolisme.<\/p>\n\n\n\n<p>A la carta, les entitats recorden a Albiol que, en una entrevista recent, va dir que volia millorar la situaci\u00f3 del catal\u00e0, per\u00f2 que no sabia &#8220;com fer-ho&#8221;. Per aix\u00f2 li fan una proposta &#8220;concreta&#8221;, que pressioni el PP perqu\u00e8 canvi\u00ef el posicionament sobre l&#8217;oficialitat de la llengua a Europa.<\/p>\n\n\n\n<p>Les organitzacions signants lamenten que l\u00edders populars com el president del partit a Catalunya,<strong>&nbsp;Alejandro Fern\u00e1ndez,<\/strong>&nbsp;hagi &#8220;reconegut&#8221; que el PP treballa &#8220;activament&#8221; per impedir el reconeixement europeu del catal\u00e0. Per aix\u00f2 consideren que una cimera com la del cap de setmana a Catalunya (una de les dues jornades se celebra a Barcelona) ofereix a l&#8217;alcalde de Badalona &#8220;una responsabilitat i una oportunitat hist\u00f2riques&#8221; per canviar la postura del PP.<\/p>\n\n\n\n<p>Les entitats recorden a Garcia Albiol que el govern municipal va aprovar &#8220;donar suport a les iniciatives que ajudin a fomentar el catal\u00e0&#8221; i l&#8217;insten a defensar l&#8217;oficialitat de la llengua tenint en compte que &#8220;tamb\u00e9 \u00e9s oficial&#8221; a la&nbsp;<strong>Constituci\u00f3&nbsp;<\/strong>espanyola i que l&#8217;oficialitat no restaria estatus a cap altra llengua. &#8220;No hi ha cap ra\u00f3 per negar aquesta condici\u00f3 al catal\u00e0&#8221;, consideren les entitats.<\/p>\n\n\n\n<p>La\u00a0<strong>carta\u00a0<\/strong>la signen l&#8217;Associaci\u00f3 Cultural Pont del Petroli, l&#8217;Associaci\u00f3 de Ve\u00efns del barri del Progr\u00e9s, l&#8217;Associaci\u00f3 de Ve\u00efns del Centre, l&#8217;Associaci\u00f3 de Ve\u00efns de Bufal\u00e0, l&#8217;Associaci\u00f3 de Ve\u00efns del Remei, el Club Nataci\u00f3 de Badalona, El C\u00edrcol, l&#8217;Esplai Cra-Crac, la Federaci\u00f3 d&#8217;AFAS de centres educatius p\u00fablics de Badalona, la Federaci\u00f3 de les Associacions de Ve\u00efns de Badalona, la Fundaci\u00f3 Salut Alta, la Fundaci\u00f3 Ateneu Sant Roc, la Plataforma Anast\u00e0sies de Badalona, Plataforma per la Llengua, Plataforma + Verd Urb\u00e0, \u00d2mnium Cultural Barcelon\u00e8s Nord, l&#8217;Orfe\u00f3 Badalon\u00ed i la Societat Cultural l&#8217;Oliva.<\/p>\n\n\n\n<p><strong>>Veure a<\/strong> <a href=\"https:\/\/naciodigital.cat\/politica\/pressio-badalonina-a-albiol-perque-faci-canviar-la-postura-del-pp-sobre-loficialitat-del-catala.html\" target=\"_blank\" rel=\"noreferrer noopener\">https:\/\/naciodigital.cat\/politica\/pressio-badalonina-a-albiol-perque-faci-canviar-la-postura-del-pp-sobre-loficialitat-del-catala.html<\/a><\/p>\n","protected":false},"excerpt":{"rendered":"<p>L&#8217;alcalde va fer costat al Pacte per la Llengua, per\u00f2 despr\u00e9s se&#8217;n va desdir per les [&hellip;]<\/p>\n","protected":false},"author":2,"featured_media":69727,"comment_status":"open","ping_status":"open","sticky":false,"template":"","format":"standard","meta":{"footnotes":""},"categories":[1,2],"tags":[],"class_list":["post-69722","post","type-post","status-publish","format-standard","has-post-thumbnail","hentry","category-actualitat","category-premsa"],"_links":{"self":[{"href":"https:\/\/fundacioateneusantroc.org\/es\/wp-json\/wp\/v2\/posts\/69722","targetHints":{"allow":["GET"]}}],"collection":[{"href":"https:\/\/fundacioateneusantroc.org\/es\/wp-json\/wp\/v2\/posts"}],"about":[{"href":"https:\/\/fundacioateneusantroc.org\/es\/wp-json\/wp\/v2\/types\/post"}],"author":[{"embeddable":true,"href":"https:\/\/fundacioateneusantroc.org\/es\/wp-json\/wp\/v2\/users\/2"}],"replies":[{"embeddable":true,"href":"https:\/\/fundacioateneusantroc.org\/es\/wp-json\/wp\/v2\/comments?post=69722"}],"version-history":[{"count":3,"href":"https:\/\/fundacioateneusantroc.org\/es\/wp-json\/wp\/v2\/posts\/69722\/revisions"}],"predecessor-version":[{"id":69729,"href":"https:\/\/fundacioateneusantroc.org\/es\/wp-json\/wp\/v2\/posts\/69722\/revisions\/69729"}],"wp:featuredmedia":[{"embeddable":true,"href":"https:\/\/fundacioateneusantroc.org\/es\/wp-json\/wp\/v2\/media\/69727"}],"wp:attachment":[{"href":"https:\/\/fundacioateneusantroc.org\/es\/wp-json\/wp\/v2\/media?parent=69722"}],"wp:term":[{"taxonomy":"category","embeddable":true,"href":"https:\/\/fundacioateneusantroc.org\/es\/wp-json\/wp\/v2\/categories?post=69722"},{"taxonomy":"post_tag","embeddable":true,"href":"https:\/\/fundacioateneusantroc.org\/es\/wp-json\/wp\/v2\/tags?post=69722"}],"curies":[{"name":"wp","href":"https:\/\/api.w.org\/{rel}","templated":true}]}}