{"id":69745,"date":"2025-10-15T07:25:36","date_gmt":"2025-10-15T05:25:36","guid":{"rendered":"https:\/\/fundacioateneusantroc.org\/?p=69745"},"modified":"2025-10-15T07:32:38","modified_gmt":"2025-10-15T05:32:38","slug":"esteve-corbera","status":"publish","type":"post","link":"https:\/\/fundacioateneusantroc.org\/es\/esteve-corbera\/","title":{"rendered":"Esteve Corbera"},"content":{"rendered":"\n<p>Si hi ha alg\u00fa que coneix l\u2019Ateneu des dels seus or\u00edgens, aquest \u00e9s l\u2019Esteve. Avui dia el podeu trobar d&#8217;11 h a 13 h fent de voluntari al departament d&#8217;Administraci\u00f3, per\u00f2 s\u00f3n moltes les hores que ha dedicat a l\u2019Ateneu i durant molts anys ha estat c\u00f2mplice de tots els canvis i millores.<\/p>\n\n\n\n<p>Ell us podria parlar des de com portava tota la comptabilitat de l\u2019Ateneu en una \u201cllibreta de Miquelrius\u201d, als primers programes inform\u00e0tics de fulls de c\u00e0lcul Lotus-1-2-3, un mestre de l\u2019Excel, o de com s&#8217;han anat transformant tots els espais.<\/p>\n\n\n\n<p>El seu \u00e0mbit de treball sempre ha sigut l\u2019administraci\u00f3, l\u2019Esteve \u00e9s un &#8220;crack&#8221; dels n\u00fameros!<\/p>\n\n\n\n<p>De car\u00e0cter amable i discret, exigent amb ell mateix i amb la feina. De posat seri\u00f3s, tot i que de seguida veus que no ho \u00e9s pas de seri\u00f3s. En el dia a dia amb ell sempre hi ha moments de rialles.<\/p>\n\n\n\n<p>\u00c9s un voluntari comprom\u00e8s. La seva habilitat per treballar en equip el converteix en un actiu valu\u00f3s, sempre disposat a col\u00b7laborar per a l&#8217;\u00e8xit del departament. <\/p>\n\n\n\n<p>Ha participat durant anys al projecte Ateneu al carrer i actualment forma part del Cor de l\u2019Ateneu, \u00e9s un tenor que gaudeix molt!<\/p>\n\n\n\n<p>L&#8217;Esteve tamb\u00e9 \u00e9s membre de la comunitat parroquial de Sant Roc des de sempre, sent el m\u00e9s veter\u00e0 de tots, participant en les reunions i en les celebracions. Mai falta a la Mostra de pessebres ni al muntatge del Pessebre vivent de cada any. \u00c9s de gran ajuda a la Fira de Sant Roc, elaborant els n\u00fameros de la t\u00f3mbola, i tot aix\u00f2 amb la seva habitual amabilitat.<\/p>\n\n\n\n<p>Tamb\u00e9 hi ha dissabtes al mat\u00ed que el podem trobar al badiu jugant a les Botxes  i a tot arreu on se\u2019l necessita.<\/p>\n\n\n\n<p>La seva for\u00e7a de voluntat i la seva fortalesa f\u00edsica i mental s\u00f3n d\u2019admirar.<\/p>\n\n\n\n<p>Estic encantada de tenir-lo al departament i el meu afecte cap ell \u00e9s ben gran!<\/p>\n\n\n\n<p class=\"has-text-align-right\"><em>Merc\u00e8 Peinado (14 d&#8217;octubre de 2025)<\/em><\/p>\n","protected":false},"excerpt":{"rendered":"<p>Si hi ha alg\u00fa que coneix l\u2019Ateneu des dels seus or\u00edgens, aquest \u00e9s l\u2019Esteve. Avui dia [&hellip;]<\/p>\n","protected":false},"author":2,"featured_media":69845,"comment_status":"open","ping_status":"open","sticky":false,"template":"","format":"standard","meta":{"footnotes":""},"categories":[1,1089],"tags":[147,744],"class_list":["post-69745","post","type-post","status-publish","format-standard","has-post-thumbnail","hentry","category-actualitat","category-retrats","tag-voluntariat","tag-voluntaris"],"_links":{"self":[{"href":"https:\/\/fundacioateneusantroc.org\/es\/wp-json\/wp\/v2\/posts\/69745","targetHints":{"allow":["GET"]}}],"collection":[{"href":"https:\/\/fundacioateneusantroc.org\/es\/wp-json\/wp\/v2\/posts"}],"about":[{"href":"https:\/\/fundacioateneusantroc.org\/es\/wp-json\/wp\/v2\/types\/post"}],"author":[{"embeddable":true,"href":"https:\/\/fundacioateneusantroc.org\/es\/wp-json\/wp\/v2\/users\/2"}],"replies":[{"embeddable":true,"href":"https:\/\/fundacioateneusantroc.org\/es\/wp-json\/wp\/v2\/comments?post=69745"}],"version-history":[{"count":4,"href":"https:\/\/fundacioateneusantroc.org\/es\/wp-json\/wp\/v2\/posts\/69745\/revisions"}],"predecessor-version":[{"id":69749,"href":"https:\/\/fundacioateneusantroc.org\/es\/wp-json\/wp\/v2\/posts\/69745\/revisions\/69749"}],"wp:featuredmedia":[{"embeddable":true,"href":"https:\/\/fundacioateneusantroc.org\/es\/wp-json\/wp\/v2\/media\/69845"}],"wp:attachment":[{"href":"https:\/\/fundacioateneusantroc.org\/es\/wp-json\/wp\/v2\/media?parent=69745"}],"wp:term":[{"taxonomy":"category","embeddable":true,"href":"https:\/\/fundacioateneusantroc.org\/es\/wp-json\/wp\/v2\/categories?post=69745"},{"taxonomy":"post_tag","embeddable":true,"href":"https:\/\/fundacioateneusantroc.org\/es\/wp-json\/wp\/v2\/tags?post=69745"}],"curies":[{"name":"wp","href":"https:\/\/api.w.org\/{rel}","templated":true}]}}