{"id":69770,"date":"2025-10-15T07:28:11","date_gmt":"2025-10-15T05:28:11","guid":{"rendered":"https:\/\/fundacioateneusantroc.org\/?p=69770"},"modified":"2025-10-15T11:38:19","modified_gmt":"2025-10-15T09:38:19","slug":"coj-motor-de-futur","status":"publish","type":"post","link":"https:\/\/fundacioateneusantroc.org\/es\/coj-motor-de-futur\/","title":{"rendered":"El Centre obert Joves de l&#8217;Ateneu, un motor de futur"},"content":{"rendered":"\n<p>El passat mes de setembre, el sal\u00f3 de l&#8217;Ateneu va ser l&#8217;escenari d&#8217;una emocionant trobada on joves que han passat pel projecte Centre obert Joves van compartir les seves traject\u00f2ries amb <strong>referents i educadors\/es<\/strong> que els van acompanyar.<\/p>\n\n\n\n<p>La trobada es va convertir en un acte de reconeixement mutu. L&#8217;equip educatiu va destacar que l&#8217;objectiu de la taula rodona era compartir la <strong>&#8220;satisfacci\u00f3 que nosaltres tenim&#8221;<\/strong> en veure els \u00e8xits dels joves, un sentiment que aquests van correspondre amb paraules com: <strong>&#8220;Tornar aqu\u00ed \u00e9s un acte d&#8217;agra\u00efment.&#8221;<\/strong><\/p>\n\n\n\n<h4 class=\"wp-block-heading\">La clau de l&#8217;\u00e8xit: maduresa i seguretat personal<\/h4>\n\n\n\n<p>M\u00e9s enll\u00e0 del suport acad\u00e8mic, el jovent va subratllar que l&#8217;Ateneu va ser fonamental per al seu creixement personal. Per a molts, va ser un <strong>&#8220;espai segur&#8221;<\/strong> on es van sentir sempre acollits.<\/p>\n\n\n\n<p>Les seves reflexions sobre l&#8217;etapa inicial van ser captivadores. Van haver de decidir i equivocar-se, per\u00f2 sempre per continuar endavant. I durant la conversa un dels joves feia autocr\u00edtica: <strong>&#8220;Em faltava maduresa i un punt de serietat,&#8221;<\/strong>, mentre que un altre afegia: <strong>&#8220;La maduresa te la dona el fet de sortir d&#8217;aqu\u00ed i veure qu\u00e8 has de fer a la vida.&#8221;<\/strong><\/p>\n\n\n\n<p>No obstant aix\u00f2, el m\u00e9s valu\u00f3s que es van endur va ser la confian\u00e7a. La <strong>Marieme<\/strong>, que ara treballa a l&#8217;Hospital de Sant Pau, va resumir: <strong>&#8220;El millor que em vaig endur d\u2019aqu\u00ed \u00e9s la seguretat en mi mateixa.&#8221;<\/strong><\/p>\n\n\n\n<h4 class=\"wp-block-heading\">Girs vocacionals i m\u00faltiples oportunitats<\/h4>\n\n\n\n<p>Les hist\u00f2ries compartides van destacar per la diversitat de camins iniciats i per la import\u00e0ncia de saber reorientar-se per trobar la pr\u00f2pia vocaci\u00f3:<\/p>\n\n\n\n<ul class=\"wp-block-list\">\n<li><strong>De l&#8217;automoci\u00f3 al disseny:<\/strong> El <strong>Hamid<\/strong> va fer un canvi radical en la Formaci\u00f3 Professional, deixant el Grau mitj\u00e0 d&#8217;Automoci\u00f3 per trobar el seu lloc en la <strong>Fabricaci\u00f3 Mec\u00e0nica i Disseny<\/strong>, que va considerar m\u00e9s creatiu i divertit i, \u00e9s on actualment treballa. O la <strong>Shamia<\/strong>, que despr\u00e9s d&#8217;estudiar <strong>M\u00e0rqueting<\/strong>, va iniciar la seva traject\u00f2ria laboral com administrativa a Sotheby&#8217;s i ara treballa d&#8217;inform\u00e0tica a la mateixa empresa.<\/li>\n\n\n\n<li><strong>La flexibilitat i el treball:<\/strong> La <strong>Faiza<\/strong>, despr\u00e9s de v\u00e0ries experi\u00e8ncies acad\u00e8miques, va optar per estudiar <strong>ADE<\/strong> en la modalitat <em>online<\/em> (UOC) i compaginar els seus estudis amb la feina.<\/li>\n\n\n\n<li><strong>Professions t\u00e8cniques i innovadores:<\/strong> Com la <strong>Sehar<\/strong> que va trobar la seva vocaci\u00f3 en la <strong>inform\u00e0tica<\/strong> i ara treballa com a <strong>t\u00e8cnica  de mans remotes<\/strong> a T-Systems.<\/li>\n\n\n\n<li><strong>Feines de refer\u00e8ncia:<\/strong> La <strong>Marieme<\/strong>, infermera a l&#8217;Hospital de Sant Pau<mark style=\"background-color:rgba(0, 0, 0, 0)\" class=\"has-inline-color has-vivid-red-color\"> <\/mark>i l&#8217;<strong>Ayoub<\/strong>, professional de l&#8217;<strong>Hospital Cl\u00ednic<\/strong> despr\u00e9s d&#8217;haver cursat una Formaci\u00f3 Professional en productes farmac\u00e8utics, van exemplificar l&#8217;\u00e8xit en l&#8217;acc\u00e9s directe al m\u00f3n laboral.<\/li>\n<\/ul>\n\n\n\n<h4 class=\"wp-block-heading\"><strong>Reconeixement a la tasca de referents i voluntaris del projecte<\/strong><\/h4>\n\n\n\n<p>Un dels pilars fonamentals de l&#8217;\u00e8xit del Centre obert Joves \u00e9s el seu <strong>equip educatiu<\/strong>, format majorit\u00e0riament per <strong>voluntaris<\/strong>. La seva singularitat rau de la dedicaci\u00f3 desinteressada i dels coneixements especialitzats de diferents disciplines, que ofereix als joves no nom\u00e9s suport acad\u00e8mic, sin\u00f3 tamb\u00e9 una visi\u00f3 real i \u00e0mplia del m\u00f3n professional.<\/p>\n\n\n\n<p>El punt culminant de la trobada va ser el missatge de gratitud adre\u00e7at a aquest equip educatiu, quan els joves van fer un <strong>reconeixement expl\u00edcit a la seva tenacitat i dedicaci\u00f3<\/strong>, elements fonamentals en el seu proc\u00e9s de transformaci\u00f3. <strong>&#8220;Sou clau. No sabeu la feina tan important que feu,&#8221;<\/strong> van afirmar. Tamb\u00e9 van destacar que l&#8217;escolta i el suport constant van ser crucials per tra\u00e7ar el seu cam\u00ed cap a la vida adulta.<\/p>\n\n\n\n<p>L&#8217;\u00e8xit d&#8217;aquests joves valida la import\u00e0ncia de la tasca constant i compromesa que es du a terme al Centre obert, i demostra que l&#8217;acompanyament personalitzat constitueix la millor via per impulsar tants altres cap a un futur ple d&#8217;oportunitats.<\/p>\n\n\n\n<figure class=\"wp-block-gallery has-nested-images columns-2 is-cropped wp-block-gallery-1 is-layout-flex wp-block-gallery-is-layout-flex\">\n<figure class=\"wp-block-image size-full\"><img loading=\"lazy\" decoding=\"async\" width=\"1024\" height=\"640\" data-id=\"69917\" src=\"https:\/\/fundacioateneusantroc.org\/wp-content\/uploads\/2025-espai-trobada-11.jpg\" alt=\"\" class=\"wp-image-69917\" srcset=\"https:\/\/fundacioateneusantroc.org\/wp-content\/uploads\/2025-espai-trobada-11.jpg 1024w, https:\/\/fundacioateneusantroc.org\/wp-content\/uploads\/2025-espai-trobada-11-300x188.jpg 300w, https:\/\/fundacioateneusantroc.org\/wp-content\/uploads\/2025-espai-trobada-11-768x480.jpg 768w\" sizes=\"auto, (max-width: 1024px) 100vw, 1024px\" \/><\/figure>\n\n\n\n<figure class=\"wp-block-image size-large\"><img loading=\"lazy\" decoding=\"async\" width=\"1024\" height=\"640\" data-id=\"69836\" src=\"https:\/\/fundacioateneusantroc.org\/wp-content\/uploads\/2025-joves-exit-4.jpg\" alt=\"\" class=\"wp-image-69836\" srcset=\"https:\/\/fundacioateneusantroc.org\/wp-content\/uploads\/2025-joves-exit-4.jpg 1024w, https:\/\/fundacioateneusantroc.org\/wp-content\/uploads\/2025-joves-exit-4-300x188.jpg 300w, https:\/\/fundacioateneusantroc.org\/wp-content\/uploads\/2025-joves-exit-4-768x480.jpg 768w\" sizes=\"auto, (max-width: 1024px) 100vw, 1024px\" \/><\/figure>\n\n\n\n<figure class=\"wp-block-image size-large\"><img loading=\"lazy\" decoding=\"async\" width=\"1024\" height=\"640\" data-id=\"69838\" src=\"https:\/\/fundacioateneusantroc.org\/wp-content\/uploads\/2025-joves-exit-3.jpg\" alt=\"\" class=\"wp-image-69838\" srcset=\"https:\/\/fundacioateneusantroc.org\/wp-content\/uploads\/2025-joves-exit-3.jpg 1024w, https:\/\/fundacioateneusantroc.org\/wp-content\/uploads\/2025-joves-exit-3-300x188.jpg 300w, https:\/\/fundacioateneusantroc.org\/wp-content\/uploads\/2025-joves-exit-3-768x480.jpg 768w\" sizes=\"auto, (max-width: 1024px) 100vw, 1024px\" \/><\/figure>\n\n\n\n<figure class=\"wp-block-image size-large\"><img loading=\"lazy\" decoding=\"async\" width=\"1024\" height=\"640\" data-id=\"69842\" src=\"https:\/\/fundacioateneusantroc.org\/wp-content\/uploads\/2025-joves-exit-1.jpg\" alt=\"\" class=\"wp-image-69842\" srcset=\"https:\/\/fundacioateneusantroc.org\/wp-content\/uploads\/2025-joves-exit-1.jpg 1024w, https:\/\/fundacioateneusantroc.org\/wp-content\/uploads\/2025-joves-exit-1-300x188.jpg 300w, https:\/\/fundacioateneusantroc.org\/wp-content\/uploads\/2025-joves-exit-1-768x480.jpg 768w\" sizes=\"auto, (max-width: 1024px) 100vw, 1024px\" \/><\/figure>\n\n\n\n<figure class=\"wp-block-image size-large\"><img loading=\"lazy\" decoding=\"async\" width=\"1024\" height=\"640\" data-id=\"69834\" src=\"https:\/\/fundacioateneusantroc.org\/wp-content\/uploads\/2025-joves-exit-5.jpg\" alt=\"\" class=\"wp-image-69834\" srcset=\"https:\/\/fundacioateneusantroc.org\/wp-content\/uploads\/2025-joves-exit-5.jpg 1024w, https:\/\/fundacioateneusantroc.org\/wp-content\/uploads\/2025-joves-exit-5-300x188.jpg 300w, https:\/\/fundacioateneusantroc.org\/wp-content\/uploads\/2025-joves-exit-5-768x480.jpg 768w\" sizes=\"auto, (max-width: 1024px) 100vw, 1024px\" \/><\/figure>\n<\/figure>\n","protected":false},"excerpt":{"rendered":"<p>El passat mes de setembre, el sal\u00f3 de l&#8217;Ateneu va ser l&#8217;escenari d&#8217;una emocionant trobada on [&hellip;]<\/p>\n","protected":false},"author":2,"featured_media":69915,"comment_status":"open","ping_status":"open","sticky":false,"template":"","format":"standard","meta":{"footnotes":""},"categories":[1],"tags":[1609,50],"class_list":["post-69770","post","type-post","status-publish","format-standard","has-post-thumbnail","hentry","category-actualitat","tag-centre-obert-joves","tag-joves"],"_links":{"self":[{"href":"https:\/\/fundacioateneusantroc.org\/es\/wp-json\/wp\/v2\/posts\/69770","targetHints":{"allow":["GET"]}}],"collection":[{"href":"https:\/\/fundacioateneusantroc.org\/es\/wp-json\/wp\/v2\/posts"}],"about":[{"href":"https:\/\/fundacioateneusantroc.org\/es\/wp-json\/wp\/v2\/types\/post"}],"author":[{"embeddable":true,"href":"https:\/\/fundacioateneusantroc.org\/es\/wp-json\/wp\/v2\/users\/2"}],"replies":[{"embeddable":true,"href":"https:\/\/fundacioateneusantroc.org\/es\/wp-json\/wp\/v2\/comments?post=69770"}],"version-history":[{"count":15,"href":"https:\/\/fundacioateneusantroc.org\/es\/wp-json\/wp\/v2\/posts\/69770\/revisions"}],"predecessor-version":[{"id":69979,"href":"https:\/\/fundacioateneusantroc.org\/es\/wp-json\/wp\/v2\/posts\/69770\/revisions\/69979"}],"wp:featuredmedia":[{"embeddable":true,"href":"https:\/\/fundacioateneusantroc.org\/es\/wp-json\/wp\/v2\/media\/69915"}],"wp:attachment":[{"href":"https:\/\/fundacioateneusantroc.org\/es\/wp-json\/wp\/v2\/media?parent=69770"}],"wp:term":[{"taxonomy":"category","embeddable":true,"href":"https:\/\/fundacioateneusantroc.org\/es\/wp-json\/wp\/v2\/categories?post=69770"},{"taxonomy":"post_tag","embeddable":true,"href":"https:\/\/fundacioateneusantroc.org\/es\/wp-json\/wp\/v2\/tags?post=69770"}],"curies":[{"name":"wp","href":"https:\/\/api.w.org\/{rel}","templated":true}]}}