{"id":69817,"date":"2025-10-04T17:08:14","date_gmt":"2025-10-04T15:08:14","guid":{"rendered":"https:\/\/fundacioateneusantroc.org\/?p=69817"},"modified":"2025-10-08T17:13:20","modified_gmt":"2025-10-08T15:13:20","slug":"catalunya-radio-solidaris-dones-cosint-la-historia","status":"publish","type":"post","link":"https:\/\/fundacioateneusantroc.org\/es\/catalunya-radio-solidaris-dones-cosint-la-historia\/","title":{"rendered":"Catalunya R\u00e0dio \u00b7 Solidaris \u00b7 Dones cosint la hist\u00f2ria"},"content":{"rendered":"\n<figure class=\"wp-block-image size-full\"><img loading=\"lazy\" decoding=\"async\" width=\"1024\" height=\"640\" src=\"https:\/\/fundacioateneusantroc.org\/wp-content\/uploads\/2025-catalunya-radio-arpilleres.jpg\" alt=\"\" class=\"wp-image-69821\" srcset=\"https:\/\/fundacioateneusantroc.org\/wp-content\/uploads\/2025-catalunya-radio-arpilleres.jpg 1024w, https:\/\/fundacioateneusantroc.org\/wp-content\/uploads\/2025-catalunya-radio-arpilleres-300x188.jpg 300w, https:\/\/fundacioateneusantroc.org\/wp-content\/uploads\/2025-catalunya-radio-arpilleres-768x480.jpg 768w\" sizes=\"auto, (max-width: 1024px) 100vw, 1024px\" \/><\/figure>\n\n\n\n<p>A la Fundaci\u00f3 Ateneu Sant Roc, hem tingut una visita molt especial: la <strong>Merc\u00e8 Folch<\/strong> i la <strong>Sandra Novillo<\/strong>, del programa Solidaris de <strong>Catalunya R\u00e0dio<\/strong>. Han vingut a con\u00e8ixer de prop la hist\u00f2ria del grup d&#8217;arpilleres que cada setmana ens reunim per cosir.<\/p>\n\n\n\n<p>Durant la visita, la Merc\u00e8 i la Sandra han pogut escoltar les veus i els relats de l\u2019<strong>Encarna Ortega, <\/strong>la <strong>Manoli Garcia,<\/strong> l\u2019<strong>Amina Merzini<\/strong> i la <strong>Sadaf Akram<\/strong>, dones que amb emoci\u00f3  comparteixen les seves hist\u00f2ries a trav\u00e9s del fil i la tela.<\/p>\n\n\n\n<p>Tamb\u00e9 hi han posat context la <strong>Pilar L\u00f3pez<\/strong>, coordinadora de projectes de la Fundaci\u00f3, i <strong><a href=\"https:\/\/cain.ulster.ac.uk\/conflicttextiles\/\" target=\"_blank\" rel=\"noopener\">Roberta Bacic<\/a><\/strong>, experta i col\u00b7leccionista d\u2019arpilleres a <strong>Conflict Textiles<\/strong>, que ha explicat el valor d\u2019aquestes obres com a eina de mem\u00f2ria i resist\u00e8ncia.<\/p>\n\n\n\n<p>El programa tanca amb les reflexions de <strong>Clare Hunter<\/strong>, artista t\u00e8xtil comunit\u00e0ria i autora del llibre <em>Hilos de vida<\/em> (publicat a Capitan Swing), i <strong>Laura Casal-Valls<\/strong>, doctora en Hist\u00f2ria de l\u2019Art, especialitzada en la hist\u00f2ria de les costureres catalanes.<\/p>\n\n\n\n<p>Per a nosaltres ha estat un plaer compartir aquest espai de creativitat, mem\u00f2ria i comunitat amb Catalunya R\u00e0dio, i fer sentir la veu empoderada de les nostres companyes arpilleristes.<\/p>\n\n\n\n<figure class=\"wp-block-embed is-type-video is-provider-youtube wp-block-embed-youtube wp-embed-aspect-16-9 wp-has-aspect-ratio\"><div class=\"wp-block-embed__wrapper\">\n<iframe loading=\"lazy\" title=\"Catalunya R\u00e0dio \u00b7 Solidaris \u00b7 Grup d&#039;arpilleres\" width=\"500\" height=\"281\" src=\"https:\/\/www.youtube.com\/embed\/kk30kRAbjqg?feature=oembed\" frameborder=\"0\" allow=\"accelerometer; autoplay; clipboard-write; encrypted-media; gyroscope; picture-in-picture; web-share\" referrerpolicy=\"strict-origin-when-cross-origin\" allowfullscreen><\/iframe>\n<\/div><\/figure>\n\n\n\n<p>>>Publicat a <a href=\"https:\/\/www.3cat.cat\/3cat\/solidaris\" target=\"_blank\" rel=\"noreferrer noopener\">https:\/\/www.3cat.cat\/3cat\/solidaris<\/a><\/p>\n","protected":false},"excerpt":{"rendered":"<p>A la Fundaci\u00f3 Ateneu Sant Roc, hem tingut una visita molt especial: la Merc\u00e8 Folch i [&hellip;]<\/p>\n","protected":false},"author":2,"featured_media":69823,"comment_status":"open","ping_status":"open","sticky":false,"template":"","format":"standard","meta":{"footnotes":""},"categories":[2,1,787],"tags":[],"class_list":["post-69817","post","type-post","status-publish","format-standard","has-post-thumbnail","hentry","category-premsa","category-actualitat","category-les-arpilleres"],"_links":{"self":[{"href":"https:\/\/fundacioateneusantroc.org\/es\/wp-json\/wp\/v2\/posts\/69817","targetHints":{"allow":["GET"]}}],"collection":[{"href":"https:\/\/fundacioateneusantroc.org\/es\/wp-json\/wp\/v2\/posts"}],"about":[{"href":"https:\/\/fundacioateneusantroc.org\/es\/wp-json\/wp\/v2\/types\/post"}],"author":[{"embeddable":true,"href":"https:\/\/fundacioateneusantroc.org\/es\/wp-json\/wp\/v2\/users\/2"}],"replies":[{"embeddable":true,"href":"https:\/\/fundacioateneusantroc.org\/es\/wp-json\/wp\/v2\/comments?post=69817"}],"version-history":[{"count":4,"href":"https:\/\/fundacioateneusantroc.org\/es\/wp-json\/wp\/v2\/posts\/69817\/revisions"}],"predecessor-version":[{"id":69828,"href":"https:\/\/fundacioateneusantroc.org\/es\/wp-json\/wp\/v2\/posts\/69817\/revisions\/69828"}],"wp:featuredmedia":[{"embeddable":true,"href":"https:\/\/fundacioateneusantroc.org\/es\/wp-json\/wp\/v2\/media\/69823"}],"wp:attachment":[{"href":"https:\/\/fundacioateneusantroc.org\/es\/wp-json\/wp\/v2\/media?parent=69817"}],"wp:term":[{"taxonomy":"category","embeddable":true,"href":"https:\/\/fundacioateneusantroc.org\/es\/wp-json\/wp\/v2\/categories?post=69817"},{"taxonomy":"post_tag","embeddable":true,"href":"https:\/\/fundacioateneusantroc.org\/es\/wp-json\/wp\/v2\/tags?post=69817"}],"curies":[{"name":"wp","href":"https:\/\/api.w.org\/{rel}","templated":true}]}}