{"id":69941,"date":"2025-10-14T10:40:52","date_gmt":"2025-10-14T08:40:52","guid":{"rendered":"https:\/\/fundacioateneusantroc.org\/?p=69941"},"modified":"2025-10-14T10:46:48","modified_gmt":"2025-10-14T08:46:48","slug":"religion-digital-%c2%b7-cristina-steegmann-12o-premio-memorial-cassia-just","status":"publish","type":"post","link":"https:\/\/fundacioateneusantroc.org\/es\/religion-digital-%c2%b7-cristina-steegmann-12o-premio-memorial-cassia-just\/","title":{"rendered":"Religi\u00f3n Digital \u00b7 Cristina Steegmann, 12\u00ba Premio Memorial Cassi\u00e0 Just"},"content":{"rendered":"\n<figure class=\"wp-block-image size-full\"><img loading=\"lazy\" decoding=\"async\" width=\"660\" height=\"371\" src=\"https:\/\/fundacioateneusantroc.org\/wp-content\/uploads\/Cristina-Steegmann-Instituto-Eugeni-Badalona_2821227899_17934207_660x371.jpg\" alt=\"\" class=\"wp-image-69943\" style=\"aspect-ratio:16\/9;object-fit:cover\" srcset=\"https:\/\/fundacioateneusantroc.org\/wp-content\/uploads\/Cristina-Steegmann-Instituto-Eugeni-Badalona_2821227899_17934207_660x371.jpg 660w, https:\/\/fundacioateneusantroc.org\/wp-content\/uploads\/Cristina-Steegmann-Instituto-Eugeni-Badalona_2821227899_17934207_660x371-300x169.jpg 300w\" sizes=\"auto, (max-width: 660px) 100vw, 660px\" \/><figcaption class=\"wp-element-caption\"><em>Cristina Steegmann y alumnas del IES Eugeni d&#8217;Ors de Badalona<\/em><\/figcaption><\/figure>\n\n\n\n<h2 class=\"wp-block-heading\">Cristina Steegmann: &#8220;En el Eugeni d&#8217;Ors de Badalona tendemos puentes y creamos expectativas de futuro&#8221;<\/h2>\n\n\n\n<h4 class=\"wp-block-heading\">El centro recibe el Premio Memorial Cassi\u00e0 Just por su labor a favor del di\u00e1logo intercultural y religioso en un entorno marcado por la diversidad<\/h4>\n\n\n\n<h4 class=\"wp-block-heading\">Con 36 nacionalidades representadas en todas sus aulas, el Eugeni d\u2019Ors de Badalona tiene en cuenta las caracter\u00edsticas y festividades de todas ellas &#8216;cada d\u00eda del a\u00f1o<\/h4>\n\n\n\n<h4 class=\"wp-block-heading\">&#8220;En el Eugeni d\u2019Ors, si hay un conflicto, surgir\u00e1 porque un alumno no le pasa la pelota a otro y no por si alguien es de otro origen o religi\u00f3n&#8221;, destaca Steegmann<\/h4>\n\n\n\n<p><strong><a href=\"https:\/\/www.religiondigital.org\/cultura\/Cristina-Steegmann-ies-Eugeni-Badalona-diversidad_0_2821217876.html\" target=\"_blank\" rel=\"noreferrer noopener\">Religi\u00f3n Dig<\/a><a href=\"https:\/\/www.religiondigital.org\/cultura\/Cristina-Steegmann-ies-Eugeni-Badalona-diversidad_0_2821217876.html\" target=\"_blank\" rel=\"noopener\">ital <\/a><\/strong>\u00b7 08.10.2025\u00a0| Xavier Pete<\/p>\n\n\n\n<p><a href=\"https:\/\/www.agenciaflama.cat\/cristina-steegmann-eugeni-dors-badalona\/\" target=\"_blank\" rel=\"noopener\">(Agencia Flama)<\/a>.- Cuatro d\u00edas despu\u00e9s de acompa\u00f1ar a su directora,<strong>&nbsp;Cristina Steegmann,<\/strong>&nbsp;a recoger el<strong>&nbsp;12\u00ba Premio Memorial Cassi\u00e0 Just en el Palau de Pedralbes<\/strong>, en Barcelona, una veintena de alumnos del Instituto de Educaci\u00f3n Secundaria Eugeni d\u2019Ors de Badalona tuvieron una actividad a\u00f1adida: exponer a sus compa\u00f1eros c\u00f3mo vivieron la experiencia. \u201cFue como entrar en un sue\u00f1o\u201d, destaca una de ellas, de origen pakistan\u00ed y que, en el futuro, quiere ser m\u00e9dica, mientras sigue recordando, durante el recreo y al lado de la directora, un nuevo hito para enmarcar en la lista de m\u00e9ritos de un instituto que acoge cada d\u00eda a m\u00e1s de 1.100 adolescentes y j\u00f3venes.<\/p>\n\n\n\n<p>Figurativa y literalmente, ya que, en las paredes de su despacho, Steegmann, que tambi\u00e9n es catedr\u00e1tica de ense\u00f1anza secundaria y especialista en matem\u00e1ticas, colecciona desde hace 15 a\u00f1os (cuando fue destinada al centro, ubicado en el barrio de Sant Roc, por el Departamento de Educaci\u00f3n de la Generalitat) un conjunto de im\u00e1genes que, seg\u00fan dice, \u201catestiguan la voluntad de tender puentes y crear expectativas de futuro para el alumnado y las familias\u201d.<\/p>\n\n\n\n<p>Entre esas im\u00e1genes destaca la joven pakistan\u00ed Malala Yousafzai, Premio Nobel de la Paz en 2014 y galardonada con el Premio Internacional Catalu\u00f1a un a\u00f1o antes. Como recuerda Steegmann, \u201cquiso conocer el centro junto con su padre y se interes\u00f3 por los j\u00f3venes que viven en el barrio, donde no todo es miedo, delincuencia y conflictos\u201d.\u00a0<strong>Para la directora del Eugeni d\u2019Ors<\/strong>\u00a0[uno de los 13 institutos de Badalona],\u00a0<strong>este centro \u201ces un reflejo de un lugar forjado por las religiones y por la convicci\u00f3n de que la educaci\u00f3n es clave para salir de la vulnerabilidad\u201d<\/strong>.<\/p>\n\n\n\n<figure class=\"wp-block-image size-full\"><img loading=\"lazy\" decoding=\"async\" width=\"667\" height=\"375\" src=\"https:\/\/fundacioateneusantroc.org\/wp-content\/uploads\/Cristina-Steegmann-alumnos_2821227901_17934282_667x375.jpg\" alt=\"\" class=\"wp-image-69945\" style=\"aspect-ratio:16\/9;object-fit:cover\" srcset=\"https:\/\/fundacioateneusantroc.org\/wp-content\/uploads\/Cristina-Steegmann-alumnos_2821227901_17934282_667x375.jpg 667w, https:\/\/fundacioateneusantroc.org\/wp-content\/uploads\/Cristina-Steegmann-alumnos_2821227901_17934282_667x375-300x169.jpg 300w\" sizes=\"auto, (max-width: 667px) 100vw, 667px\" \/><figcaption class=\"wp-element-caption\"><em>Cristina Steegmann y alumnos<\/em><\/figcaption><\/figure>\n\n\n\n<blockquote class=\"wp-block-quote is-layout-flow wp-block-quote-is-layout-flow\">\n<p>&#8220;Con 36 nacionalidades representadas en todas sus aulas (y, por tanto, con confesiones como la cat\u00f3lica, la evang\u00e9lica, la ortodoxa o la hinduista en nuestro peque\u00f1o oasis educativo), el Eugeni d\u2019Ors de Badalona tiene en cuenta las caracter\u00edsticas y festividades de todas ellas &#8216;cada d\u00eda del a\u00f1o'&#8221;<\/p>\n<\/blockquote>\n\n\n\n<p><strong>\u201cSomos un centro acogedor e inclusivo, tanto por parte del profesorado como del alumnado\u201d<\/strong>, se\u00f1ala, remarcando que \u201caqu\u00ed, sobre todo, respetamos el derecho a la libertad religiosa que recoge la Declaraci\u00f3n Universal de los Derechos Humanos\u201d. Con 36 nacionalidades representadas en todas sus aulas (\u201cy, por tanto, con confesiones como la cat\u00f3lica, la evang\u00e9lica, la ortodoxa o la hinduista en nuestro peque\u00f1o oasis educativo\u201d), el Eugeni d\u2019Ors de Badalona tiene en cuenta las caracter\u00edsticas y festividades de todas ellas \u201ccada d\u00eda del a\u00f1o\u201d, admite.<\/p>\n\n\n\n<figure class=\"wp-block-image size-full\"><img loading=\"lazy\" decoding=\"async\" width=\"667\" height=\"375\" src=\"https:\/\/fundacioateneusantroc.org\/wp-content\/uploads\/Despacho-Cristina_2821227902_17934320_667x375.jpg\" alt=\"\" class=\"wp-image-69947\" style=\"aspect-ratio:16\/9;object-fit:cover\" srcset=\"https:\/\/fundacioateneusantroc.org\/wp-content\/uploads\/Despacho-Cristina_2821227902_17934320_667x375.jpg 667w, https:\/\/fundacioateneusantroc.org\/wp-content\/uploads\/Despacho-Cristina_2821227902_17934320_667x375-300x169.jpg 300w\" sizes=\"auto, (max-width: 667px) 100vw, 667px\" \/><figcaption class=\"wp-element-caption\"><em>Despacho de Cristina<\/em><\/figcaption><\/figure>\n\n\n\n<blockquote class=\"wp-block-quote is-layout-flow wp-block-quote-is-layout-flow\">\n<p>&#8220;En el Eugeni d\u2019Ors, si hay un conflicto, surgir\u00e1 porque un alumno no le pasa la pelota a otro y no por si alguien es de otro origen o religi\u00f3n&#8221;<\/p>\n<\/blockquote>\n\n\n\n<p>Es precisamente gracias a&nbsp;<strong>un equilibrio vertebrado desde el respeto por la cultura religiosa<\/strong>&nbsp;que \u201cen el Eugeni d\u2019Ors, si hay un conflicto, surgir\u00e1 porque un alumno no le pasa la pelota a otro\u201d, destaca Steegmann, \u201cy no por si alguien es de otro origen o religi\u00f3n\u201d. Una reflexi\u00f3n que esta directora ha transmitido tanto al profesorado [m\u00e1s de un centenar] como al resto de trabajadores del centro. \u201cTodos vamos a una\u201d, mantiene.<\/p>\n\n\n\n<h2 class=\"wp-block-heading\">&#8220;Tuvimos a Robert Prevost en el edificio de enfrente&#8221;<\/h2>\n\n\n\n<p>En este punto de Badalona, en 2016 y 2017,<strong>&nbsp;la Fundaci\u00f3 Ateneu Sant Roc<\/strong>&nbsp;\u2014<strong>\u201cnuestros vecinos de enfrente\u201d<\/strong>, como destaca Cristina Steegmann\u2014&nbsp;<strong>recibi\u00f3 la visita del prior de la orden de los agustinos, Robert Prevost<\/strong>, en el marco de unas visitas a la comunidad de religiosos que sigue presente en el barrio. Por eso, el pasado mes de mayo, al saberse su elecci\u00f3n como pont\u00edfice, el contacto del papa norteamericano con Sant Roc \u201ccorri\u00f3 como la p\u00f3lvora de clase en clase\u201d. \u201cMuchos de los alumnos que tenemos hacen refuerzo de catal\u00e1n en esta instituci\u00f3n vecina, con la que tenemos una relaci\u00f3n de vecindad ejemplar\u201d, concluye.<\/p>\n\n\n\n<figure class=\"wp-block-image size-full\"><img loading=\"lazy\" decoding=\"async\" width=\"667\" height=\"375\" src=\"https:\/\/fundacioateneusantroc.org\/wp-content\/uploads\/Aula-IES-Eugeni-dOrs-Badalona_2821227903_17934358_667x375.jpg\" alt=\"\" class=\"wp-image-69949\" style=\"aspect-ratio:16\/9;object-fit:cover\" srcset=\"https:\/\/fundacioateneusantroc.org\/wp-content\/uploads\/Aula-IES-Eugeni-dOrs-Badalona_2821227903_17934358_667x375.jpg 667w, https:\/\/fundacioateneusantroc.org\/wp-content\/uploads\/Aula-IES-Eugeni-dOrs-Badalona_2821227903_17934358_667x375-300x169.jpg 300w\" sizes=\"auto, (max-width: 667px) 100vw, 667px\" \/><figcaption class=\"wp-element-caption\"><em>Aula del IES Eugeni d&#8217;Ors de Badalona\u00a0Agencia Flama<\/em><\/figcaption><\/figure>\n","protected":false},"excerpt":{"rendered":"<p>Cristina Steegmann: &#8220;En el Eugeni d&#8217;Ors de Badalona tendemos puentes y creamos expectativas de futuro&#8221; El [&hellip;]<\/p>\n","protected":false},"author":2,"featured_media":69952,"comment_status":"open","ping_status":"open","sticky":false,"template":"","format":"standard","meta":{"footnotes":""},"categories":[1,2],"tags":[],"class_list":["post-69941","post","type-post","status-publish","format-standard","has-post-thumbnail","hentry","category-actualitat","category-premsa"],"_links":{"self":[{"href":"https:\/\/fundacioateneusantroc.org\/es\/wp-json\/wp\/v2\/posts\/69941","targetHints":{"allow":["GET"]}}],"collection":[{"href":"https:\/\/fundacioateneusantroc.org\/es\/wp-json\/wp\/v2\/posts"}],"about":[{"href":"https:\/\/fundacioateneusantroc.org\/es\/wp-json\/wp\/v2\/types\/post"}],"author":[{"embeddable":true,"href":"https:\/\/fundacioateneusantroc.org\/es\/wp-json\/wp\/v2\/users\/2"}],"replies":[{"embeddable":true,"href":"https:\/\/fundacioateneusantroc.org\/es\/wp-json\/wp\/v2\/comments?post=69941"}],"version-history":[{"count":3,"href":"https:\/\/fundacioateneusantroc.org\/es\/wp-json\/wp\/v2\/posts\/69941\/revisions"}],"predecessor-version":[{"id":69954,"href":"https:\/\/fundacioateneusantroc.org\/es\/wp-json\/wp\/v2\/posts\/69941\/revisions\/69954"}],"wp:featuredmedia":[{"embeddable":true,"href":"https:\/\/fundacioateneusantroc.org\/es\/wp-json\/wp\/v2\/media\/69952"}],"wp:attachment":[{"href":"https:\/\/fundacioateneusantroc.org\/es\/wp-json\/wp\/v2\/media?parent=69941"}],"wp:term":[{"taxonomy":"category","embeddable":true,"href":"https:\/\/fundacioateneusantroc.org\/es\/wp-json\/wp\/v2\/categories?post=69941"},{"taxonomy":"post_tag","embeddable":true,"href":"https:\/\/fundacioateneusantroc.org\/es\/wp-json\/wp\/v2\/tags?post=69941"}],"curies":[{"name":"wp","href":"https:\/\/api.w.org\/{rel}","templated":true}]}}