{"id":70079,"date":"2025-10-28T16:27:33","date_gmt":"2025-10-28T15:27:33","guid":{"rendered":"https:\/\/fundacioateneusantroc.org\/?p=70079"},"modified":"2025-10-28T16:32:51","modified_gmt":"2025-10-28T15:32:51","slug":"les-arpilleres-que-inspiren-paraules","status":"publish","type":"post","link":"https:\/\/fundacioateneusantroc.org\/es\/les-arpilleres-que-inspiren-paraules\/","title":{"rendered":"Les arpilleres que inspiren paraules"},"content":{"rendered":"\n<p>El passat <strong>dissabte, 18 d&#8217;octubre,<\/strong> en el marc de la primera jornada liter\u00e0ria <strong>Badalletres<\/strong>, organitzada per l&#8217;associaci\u00f3 liter\u00e0ria <strong>Badalona Escriu<\/strong>, les <strong>arpilleristes de Sant Roc<\/strong> vam viure una experi\u00e8ncia plena d\u2019emoci\u00f3.<\/p>\n\n\n\n<p>Dins la franja del migdia, despr\u00e9s d&#8217;una petita introducci\u00f3 de la Pilar L\u00f3pez, la jornada va oferir un moment m\u00e0gic, quan un grup de poetes de Badalona Escriu va oferir un <strong>recital inspirat en les nostres arpilleres<\/strong>. Aix\u00ed es van llegir poemes d&#8217;infantesa, de records familiars, cants de resist\u00e8ncia, de mort, d&#8217;homenatge&#8230; hist\u00f2ries in\u00e8dites a partir de t\u00e8xtils que narren experi\u00e8ncies de vida, de barri i de den\u00fancia.<\/p>\n\n\n\n<p>Aquesta fusi\u00f3 va crear un <strong>di\u00e0leg emocionant i memorable<\/strong> entre la poesia i el fil, entre la paraula i la textura. L&#8217;esdeveniment va ser un espai de trobada i bellesa compartida, on l\u2019art manual i la creaci\u00f3 liter\u00e0ria es van donar la m\u00e0 per mostrar que <strong>la cultura popular i la literatura<\/strong> teixeixen ponts i fan ciutat.<\/p>\n\n\n\n<figure class=\"wp-block-gallery has-nested-images columns-default is-cropped wp-block-gallery-1 is-layout-flex wp-block-gallery-is-layout-flex\">\n<figure class=\"wp-block-image size-large\"><img loading=\"lazy\" decoding=\"async\" width=\"1024\" height=\"640\" data-id=\"70134\" src=\"https:\/\/fundacioateneusantroc.org\/wp-content\/uploads\/2025-badalletres-2.jpg\" alt=\"\" class=\"wp-image-70134\" srcset=\"https:\/\/fundacioateneusantroc.org\/wp-content\/uploads\/2025-badalletres-2.jpg 1024w, https:\/\/fundacioateneusantroc.org\/wp-content\/uploads\/2025-badalletres-2-300x188.jpg 300w, https:\/\/fundacioateneusantroc.org\/wp-content\/uploads\/2025-badalletres-2-768x480.jpg 768w\" sizes=\"auto, (max-width: 1024px) 100vw, 1024px\" \/><\/figure>\n\n\n\n<figure class=\"wp-block-image size-large\"><img loading=\"lazy\" decoding=\"async\" width=\"1024\" height=\"640\" data-id=\"70126\" src=\"https:\/\/fundacioateneusantroc.org\/wp-content\/uploads\/2025-badalletres-3.jpg\" alt=\"\" class=\"wp-image-70126\" srcset=\"https:\/\/fundacioateneusantroc.org\/wp-content\/uploads\/2025-badalletres-3.jpg 1024w, https:\/\/fundacioateneusantroc.org\/wp-content\/uploads\/2025-badalletres-3-300x188.jpg 300w, https:\/\/fundacioateneusantroc.org\/wp-content\/uploads\/2025-badalletres-3-768x480.jpg 768w\" sizes=\"auto, (max-width: 1024px) 100vw, 1024px\" \/><\/figure>\n\n\n\n<figure class=\"wp-block-image size-large\"><img loading=\"lazy\" decoding=\"async\" width=\"1024\" height=\"640\" data-id=\"70125\" src=\"https:\/\/fundacioateneusantroc.org\/wp-content\/uploads\/2025-badalletres-1.jpg\" alt=\"\" class=\"wp-image-70125\" srcset=\"https:\/\/fundacioateneusantroc.org\/wp-content\/uploads\/2025-badalletres-1.jpg 1024w, https:\/\/fundacioateneusantroc.org\/wp-content\/uploads\/2025-badalletres-1-300x188.jpg 300w, https:\/\/fundacioateneusantroc.org\/wp-content\/uploads\/2025-badalletres-1-768x480.jpg 768w\" sizes=\"auto, (max-width: 1024px) 100vw, 1024px\" \/><\/figure>\n\n\n\n<figure class=\"wp-block-image size-large\"><img loading=\"lazy\" decoding=\"async\" width=\"1024\" height=\"640\" data-id=\"70124\" src=\"https:\/\/fundacioateneusantroc.org\/wp-content\/uploads\/2025-badalletres-5.jpg\" alt=\"\" class=\"wp-image-70124\" srcset=\"https:\/\/fundacioateneusantroc.org\/wp-content\/uploads\/2025-badalletres-5.jpg 1024w, https:\/\/fundacioateneusantroc.org\/wp-content\/uploads\/2025-badalletres-5-300x188.jpg 300w, https:\/\/fundacioateneusantroc.org\/wp-content\/uploads\/2025-badalletres-5-768x480.jpg 768w\" sizes=\"auto, (max-width: 1024px) 100vw, 1024px\" \/><\/figure>\n\n\n\n<figure class=\"wp-block-image size-full\"><img loading=\"lazy\" decoding=\"async\" width=\"1024\" height=\"640\" data-id=\"70136\" src=\"https:\/\/fundacioateneusantroc.org\/wp-content\/uploads\/2025-badalletres-7.jpg\" alt=\"\" class=\"wp-image-70136\" srcset=\"https:\/\/fundacioateneusantroc.org\/wp-content\/uploads\/2025-badalletres-7.jpg 1024w, https:\/\/fundacioateneusantroc.org\/wp-content\/uploads\/2025-badalletres-7-300x188.jpg 300w, https:\/\/fundacioateneusantroc.org\/wp-content\/uploads\/2025-badalletres-7-768x480.jpg 768w\" sizes=\"auto, (max-width: 1024px) 100vw, 1024px\" \/><\/figure>\n<\/figure>\n\n\n\n<p><strong>De Granada a Barcelona<\/strong> (Encarna Ortega), poemes d&#8217;Enedina Mart\u00ed i Olga Prado.<\/p>\n\n\n\n<p><strong>Cunetes<\/strong> (col\u00b7lectiva), poemes de Toni Ort\u00edz, Carles Martret i Enric Nicol\u00e0s.<\/p>\n\n\n\n<p><strong>Confinament i pand\u00e8mia<\/strong> (M\u00f2nica Moro), poema de Neus Bonet.<\/p>\n\n\n\n<p><strong>Pobresa i solidaritat<\/strong> (Manoli Garc\u00eda), poema de Francesc Cabir\u00f3.<\/p>\n\n\n\n<p><strong>8 de marc\u0327<\/strong> (Paqui B\u00e1ez), poema de Toni Ort\u00edz.<\/p>\n\n\n\n<p><strong>Terra maltractada<\/strong> (Antonia Amador), poema de Pepa Caro.<\/p>\n\n\n\n<p><strong>Els bancs ens faran fora de casa<\/strong> (Fina Niub\u00f3), poema de Toni Ort\u00edz<\/p>\n","protected":false},"excerpt":{"rendered":"<p>El passat dissabte, 18 d&#8217;octubre, en el marc de la primera jornada liter\u00e0ria Badalletres, organitzada per [&hellip;]<\/p>\n","protected":false},"author":2,"featured_media":70132,"comment_status":"open","ping_status":"open","sticky":false,"template":"","format":"standard","meta":{"footnotes":""},"categories":[1,787],"tags":[],"class_list":["post-70079","post","type-post","status-publish","format-standard","has-post-thumbnail","hentry","category-actualitat","category-les-arpilleres"],"_links":{"self":[{"href":"https:\/\/fundacioateneusantroc.org\/es\/wp-json\/wp\/v2\/posts\/70079","targetHints":{"allow":["GET"]}}],"collection":[{"href":"https:\/\/fundacioateneusantroc.org\/es\/wp-json\/wp\/v2\/posts"}],"about":[{"href":"https:\/\/fundacioateneusantroc.org\/es\/wp-json\/wp\/v2\/types\/post"}],"author":[{"embeddable":true,"href":"https:\/\/fundacioateneusantroc.org\/es\/wp-json\/wp\/v2\/users\/2"}],"replies":[{"embeddable":true,"href":"https:\/\/fundacioateneusantroc.org\/es\/wp-json\/wp\/v2\/comments?post=70079"}],"version-history":[{"count":5,"href":"https:\/\/fundacioateneusantroc.org\/es\/wp-json\/wp\/v2\/posts\/70079\/revisions"}],"predecessor-version":[{"id":70142,"href":"https:\/\/fundacioateneusantroc.org\/es\/wp-json\/wp\/v2\/posts\/70079\/revisions\/70142"}],"wp:featuredmedia":[{"embeddable":true,"href":"https:\/\/fundacioateneusantroc.org\/es\/wp-json\/wp\/v2\/media\/70132"}],"wp:attachment":[{"href":"https:\/\/fundacioateneusantroc.org\/es\/wp-json\/wp\/v2\/media?parent=70079"}],"wp:term":[{"taxonomy":"category","embeddable":true,"href":"https:\/\/fundacioateneusantroc.org\/es\/wp-json\/wp\/v2\/categories?post=70079"},{"taxonomy":"post_tag","embeddable":true,"href":"https:\/\/fundacioateneusantroc.org\/es\/wp-json\/wp\/v2\/tags?post=70079"}],"curies":[{"name":"wp","href":"https:\/\/api.w.org\/{rel}","templated":true}]}}