{"id":70282,"date":"2025-11-12T08:20:08","date_gmt":"2025-11-12T07:20:08","guid":{"rendered":"https:\/\/fundacioateneusantroc.org\/?p=70282"},"modified":"2025-11-12T19:42:01","modified_gmt":"2025-11-12T18:42:01","slug":"visita-de-cristina-lira","status":"publish","type":"post","link":"https:\/\/fundacioateneusantroc.org\/es\/visita-de-cristina-lira\/","title":{"rendered":"Visita de Cristina Lira, arpillerista xilena i activista de la mem\u00f2ria i els drets humans"},"content":{"rendered":"\n<p>El dilluns, 10 de novembre, hem tingut el plaer de comptar amb la visita de <strong>Cristina Lira<\/strong>, arpillerista xilena i activista vinculada a la <strong>Fundaci\u00f3n Ecolety<\/strong>. La Cristina forma part tamb\u00e9 de la <strong>Corporaci\u00f3n 3 y 4 \u00c1lamos<\/strong>, un espai de mem\u00f2ria dedicat a preservar i difondre la hist\u00f2ria dels centres de detenci\u00f3 que van existir a Xile durant la dictadura militar.<\/p>\n\n\n\n<p>A la col\u00b7lecci\u00f3 d\u2019aquesta corporaci\u00f3 hi trobem arpilleres que documenten la repressi\u00f3, la resist\u00e8ncia i les problem\u00e0tiques socials viscudes als anys 1977 i 1978, amb refer\u00e8ncies a episodis tan colpidors com els de <strong>Lonqu\u00e9n<\/strong>.<\/p>\n\n\n\n<p>Actualment a Xile, les arpilleres han ressorgit arran dels esdeveniments de 2019, quan la revolta de joves xilens \u2014provocada per la forta pujada del preu del transport\u2014 va desencadenar l\u2019<strong>Estallido social<\/strong>. Davant la magnitud de les protestes, el president Pi\u00f1era va declarar l\u2019estat d\u2019emerg\u00e8ncia, i el pa\u00eds va viure episodis de molta viol\u00e8ncia, repressi\u00f3 i desaparicions, que va inspirar a recuperar l\u2019art de les arpilleres com a eina d\u2019expressi\u00f3, den\u00fancia i mem\u00f2ria col\u00b7lectiva.<\/p>\n\n\n\n<p>En aquest context, la Cristina imparteix <strong>tallers a la Fundaci\u00f3n Ecolety<\/strong>, un espai que acull dones maltractades i utilitzen la t\u00e8cnica de les arpilleres per a denunciar i sanar la viol\u00e8ncia, especialment la viol\u00e8ncia de g\u00e8nere.<\/p>\n\n\n\n<p>Durant la seva visita, ens ha compartit diverses obres pr\u00f2pies, plenes de color i simbolisme, que aborden temes com la resist\u00e8ncia dels pobles ind\u00edgenes, les hist\u00f2ries dibuixades per infants o la solidaritat amb Palestina a trav\u00e9s d\u2019una arpillera sobre la Flotilla.<\/p>\n\n\n\n<p>En aquest espai d\u2019intercanvi, les arpilleristes de la Fundaci\u00f3 Ateneu Sant Roc tamb\u00e9 han tingut l\u2019oportunitat de mostrar el seu treball actual, compartint processos, tem\u00e0tiques i emocions que, tot i n\u00e9ixer en contextos diferents, convergeixen en la mateixa voluntat de transformaci\u00f3 i mem\u00f2ria col\u00b7lectiva.<\/p>\n\n\n\n<p>Ahir, a m\u00e9s, vam tenir l\u2019oportunitat de visitar l\u2019exposici\u00f3<strong> <em>Enfila!<\/em><\/strong>, que reflecteix la for\u00e7a i la quotidianitat de les dones al Senegal i, en general, a l\u2019\u00c0frica. La M\u00f2nica Moro, arpillerista de Sant Roc i fundadora de Camina Senegal, ens va oferir una presentaci\u00f3 del projecte i una visita guiada molt inspiradora en un ambient acollidor i dist\u00e8s.<\/p>\n\n\n\n<p>La visita de Cristina Lira i aquesta experi\u00e8ncia conjunta ens recorden que les arpilleres continuen sent, avui, <strong>un espai viu de mem\u00f2ria i dignitat<\/strong>.<\/p>\n\n\n\n<figure class=\"wp-block-gallery has-nested-images columns-default is-cropped wp-block-gallery-1 is-layout-flex wp-block-gallery-is-layout-flex\">\n<figure class=\"wp-block-image size-large\"><img loading=\"lazy\" decoding=\"async\" width=\"1024\" height=\"640\" data-id=\"70304\" src=\"https:\/\/fundacioateneusantroc.org\/wp-content\/uploads\/2025-cristina-lira-6.jpg\" alt=\"\" class=\"wp-image-70304\" srcset=\"https:\/\/fundacioateneusantroc.org\/wp-content\/uploads\/2025-cristina-lira-6.jpg 1024w, https:\/\/fundacioateneusantroc.org\/wp-content\/uploads\/2025-cristina-lira-6-300x188.jpg 300w, https:\/\/fundacioateneusantroc.org\/wp-content\/uploads\/2025-cristina-lira-6-768x480.jpg 768w\" sizes=\"auto, (max-width: 1024px) 100vw, 1024px\" \/><\/figure>\n\n\n\n<figure class=\"wp-block-image size-large\"><img loading=\"lazy\" decoding=\"async\" width=\"1024\" height=\"640\" data-id=\"70316\" src=\"https:\/\/fundacioateneusantroc.org\/wp-content\/uploads\/2025-cristina-lira8.jpg\" alt=\"\" class=\"wp-image-70316\" srcset=\"https:\/\/fundacioateneusantroc.org\/wp-content\/uploads\/2025-cristina-lira8.jpg 1024w, https:\/\/fundacioateneusantroc.org\/wp-content\/uploads\/2025-cristina-lira8-300x188.jpg 300w, https:\/\/fundacioateneusantroc.org\/wp-content\/uploads\/2025-cristina-lira8-768x480.jpg 768w\" sizes=\"auto, (max-width: 1024px) 100vw, 1024px\" \/><\/figure>\n\n\n\n<figure class=\"wp-block-image size-large\"><img loading=\"lazy\" decoding=\"async\" width=\"1024\" height=\"640\" data-id=\"70302\" src=\"https:\/\/fundacioateneusantroc.org\/wp-content\/uploads\/2025-cristina-lira-5.jpg\" alt=\"\" class=\"wp-image-70302\" srcset=\"https:\/\/fundacioateneusantroc.org\/wp-content\/uploads\/2025-cristina-lira-5.jpg 1024w, https:\/\/fundacioateneusantroc.org\/wp-content\/uploads\/2025-cristina-lira-5-300x188.jpg 300w, https:\/\/fundacioateneusantroc.org\/wp-content\/uploads\/2025-cristina-lira-5-768x480.jpg 768w\" sizes=\"auto, (max-width: 1024px) 100vw, 1024px\" \/><\/figure>\n\n\n\n<figure class=\"wp-block-image size-large\"><img loading=\"lazy\" decoding=\"async\" width=\"1024\" height=\"640\" data-id=\"70300\" src=\"https:\/\/fundacioateneusantroc.org\/wp-content\/uploads\/2025-cristina-lira-4.jpg\" alt=\"\" class=\"wp-image-70300\" srcset=\"https:\/\/fundacioateneusantroc.org\/wp-content\/uploads\/2025-cristina-lira-4.jpg 1024w, https:\/\/fundacioateneusantroc.org\/wp-content\/uploads\/2025-cristina-lira-4-300x188.jpg 300w, https:\/\/fundacioateneusantroc.org\/wp-content\/uploads\/2025-cristina-lira-4-768x480.jpg 768w\" sizes=\"auto, (max-width: 1024px) 100vw, 1024px\" \/><\/figure>\n\n\n\n<figure class=\"wp-block-image size-large\"><img loading=\"lazy\" decoding=\"async\" width=\"1024\" height=\"640\" data-id=\"70312\" src=\"https:\/\/fundacioateneusantroc.org\/wp-content\/uploads\/2025-cristina-lira-10.jpg\" alt=\"\" class=\"wp-image-70312\" srcset=\"https:\/\/fundacioateneusantroc.org\/wp-content\/uploads\/2025-cristina-lira-10.jpg 1024w, https:\/\/fundacioateneusantroc.org\/wp-content\/uploads\/2025-cristina-lira-10-300x188.jpg 300w, https:\/\/fundacioateneusantroc.org\/wp-content\/uploads\/2025-cristina-lira-10-768x480.jpg 768w\" sizes=\"auto, (max-width: 1024px) 100vw, 1024px\" \/><\/figure>\n\n\n\n<figure class=\"wp-block-image size-large\"><img loading=\"lazy\" decoding=\"async\" width=\"1024\" height=\"640\" data-id=\"70310\" src=\"https:\/\/fundacioateneusantroc.org\/wp-content\/uploads\/2025-cristina-lira-9.jpg\" alt=\"\" class=\"wp-image-70310\" srcset=\"https:\/\/fundacioateneusantroc.org\/wp-content\/uploads\/2025-cristina-lira-9.jpg 1024w, https:\/\/fundacioateneusantroc.org\/wp-content\/uploads\/2025-cristina-lira-9-300x188.jpg 300w, https:\/\/fundacioateneusantroc.org\/wp-content\/uploads\/2025-cristina-lira-9-768x480.jpg 768w\" sizes=\"auto, (max-width: 1024px) 100vw, 1024px\" \/><\/figure>\n\n\n\n<figure class=\"wp-block-image size-large\"><img loading=\"lazy\" decoding=\"async\" width=\"1024\" height=\"640\" data-id=\"70318\" src=\"https:\/\/fundacioateneusantroc.org\/wp-content\/uploads\/2025-cristina-lira11.jpg\" alt=\"\" class=\"wp-image-70318\" srcset=\"https:\/\/fundacioateneusantroc.org\/wp-content\/uploads\/2025-cristina-lira11.jpg 1024w, https:\/\/fundacioateneusantroc.org\/wp-content\/uploads\/2025-cristina-lira11-300x188.jpg 300w, https:\/\/fundacioateneusantroc.org\/wp-content\/uploads\/2025-cristina-lira11-768x480.jpg 768w\" sizes=\"auto, (max-width: 1024px) 100vw, 1024px\" \/><\/figure>\n\n\n\n<figure class=\"wp-block-image size-large\"><img loading=\"lazy\" decoding=\"async\" width=\"1024\" height=\"640\" data-id=\"70298\" src=\"https:\/\/fundacioateneusantroc.org\/wp-content\/uploads\/2025-cristina-lira-3.jpg\" alt=\"\" class=\"wp-image-70298\" srcset=\"https:\/\/fundacioateneusantroc.org\/wp-content\/uploads\/2025-cristina-lira-3.jpg 1024w, https:\/\/fundacioateneusantroc.org\/wp-content\/uploads\/2025-cristina-lira-3-300x188.jpg 300w, https:\/\/fundacioateneusantroc.org\/wp-content\/uploads\/2025-cristina-lira-3-768x480.jpg 768w\" sizes=\"auto, (max-width: 1024px) 100vw, 1024px\" \/><\/figure>\n\n\n\n<figure class=\"wp-block-image size-large\"><img loading=\"lazy\" decoding=\"async\" width=\"1024\" height=\"640\" data-id=\"70294\" src=\"https:\/\/fundacioateneusantroc.org\/wp-content\/uploads\/2025-cristina-lira-1.jpg\" alt=\"\" class=\"wp-image-70294\" srcset=\"https:\/\/fundacioateneusantroc.org\/wp-content\/uploads\/2025-cristina-lira-1.jpg 1024w, https:\/\/fundacioateneusantroc.org\/wp-content\/uploads\/2025-cristina-lira-1-300x188.jpg 300w, https:\/\/fundacioateneusantroc.org\/wp-content\/uploads\/2025-cristina-lira-1-768x480.jpg 768w\" sizes=\"auto, (max-width: 1024px) 100vw, 1024px\" \/><\/figure>\n\n\n\n<figure class=\"wp-block-image size-large\"><img loading=\"lazy\" decoding=\"async\" width=\"1024\" height=\"640\" data-id=\"70296\" src=\"https:\/\/fundacioateneusantroc.org\/wp-content\/uploads\/2025-cristina-lira-2.jpg\" alt=\"\" class=\"wp-image-70296\" srcset=\"https:\/\/fundacioateneusantroc.org\/wp-content\/uploads\/2025-cristina-lira-2.jpg 1024w, https:\/\/fundacioateneusantroc.org\/wp-content\/uploads\/2025-cristina-lira-2-300x188.jpg 300w, https:\/\/fundacioateneusantroc.org\/wp-content\/uploads\/2025-cristina-lira-2-768x480.jpg 768w\" sizes=\"auto, (max-width: 1024px) 100vw, 1024px\" \/><\/figure>\n<\/figure>\n","protected":false},"excerpt":{"rendered":"<p>El dilluns, 10 de novembre, hem tingut el plaer de comptar amb la visita de Cristina [&hellip;]<\/p>\n","protected":false},"author":2,"featured_media":70306,"comment_status":"open","ping_status":"open","sticky":false,"template":"","format":"standard","meta":{"footnotes":""},"categories":[1,787],"tags":[28,734,729],"class_list":["post-70282","post","type-post","status-publish","format-standard","has-post-thumbnail","hentry","category-actualitat","category-les-arpilleres","tag-arpilleras","tag-dinamitzacio-sociocultural","tag-exposicio"],"_links":{"self":[{"href":"https:\/\/fundacioateneusantroc.org\/es\/wp-json\/wp\/v2\/posts\/70282","targetHints":{"allow":["GET"]}}],"collection":[{"href":"https:\/\/fundacioateneusantroc.org\/es\/wp-json\/wp\/v2\/posts"}],"about":[{"href":"https:\/\/fundacioateneusantroc.org\/es\/wp-json\/wp\/v2\/types\/post"}],"author":[{"embeddable":true,"href":"https:\/\/fundacioateneusantroc.org\/es\/wp-json\/wp\/v2\/users\/2"}],"replies":[{"embeddable":true,"href":"https:\/\/fundacioateneusantroc.org\/es\/wp-json\/wp\/v2\/comments?post=70282"}],"version-history":[{"count":7,"href":"https:\/\/fundacioateneusantroc.org\/es\/wp-json\/wp\/v2\/posts\/70282\/revisions"}],"predecessor-version":[{"id":70335,"href":"https:\/\/fundacioateneusantroc.org\/es\/wp-json\/wp\/v2\/posts\/70282\/revisions\/70335"}],"wp:featuredmedia":[{"embeddable":true,"href":"https:\/\/fundacioateneusantroc.org\/es\/wp-json\/wp\/v2\/media\/70306"}],"wp:attachment":[{"href":"https:\/\/fundacioateneusantroc.org\/es\/wp-json\/wp\/v2\/media?parent=70282"}],"wp:term":[{"taxonomy":"category","embeddable":true,"href":"https:\/\/fundacioateneusantroc.org\/es\/wp-json\/wp\/v2\/categories?post=70282"},{"taxonomy":"post_tag","embeddable":true,"href":"https:\/\/fundacioateneusantroc.org\/es\/wp-json\/wp\/v2\/tags?post=70282"}],"curies":[{"name":"wp","href":"https:\/\/api.w.org\/{rel}","templated":true}]}}