{"id":70452,"date":"2025-12-01T08:21:00","date_gmt":"2025-12-01T07:21:00","guid":{"rendered":"https:\/\/fundacioateneusantroc.org\/?p=70452"},"modified":"2025-12-09T12:03:31","modified_gmt":"2025-12-09T11:03:31","slug":"sopar-solidari-en-suport-a-la-comunitat-tibetana-a-lexili","status":"publish","type":"post","link":"https:\/\/fundacioateneusantroc.org\/es\/sopar-solidari-en-suport-a-la-comunitat-tibetana-a-lexili\/","title":{"rendered":"Sopar solidari en suport a la comunitat tibetana a l&#8217;exili"},"content":{"rendered":"\n<p>Divendres, 21 de novembre de 2025, en el marc del projecte de Cooperaci\u00f3 i Solidaritat de l\u2019Ateneu, es va celebrar un sopar solidari amb l\u2019objectiu de donar suport a la <strong>comunitat tibetana exiliada a Dharamsala<\/strong>, a l\u2019estat d\u2019Himachal Pradesh, al nord de l\u2019\u00cdndia.<\/p>\n\n\n\n<p>La vetllada va comen\u00e7ar amb una introducci\u00f3 del Toni Perramon, que va oferir una explicaci\u00f3 sobre la geografia, la hist\u00f2ria i la religi\u00f3 del Tibet, aix\u00ed com sobre la realitat actual que viu el seu poble. La poblaci\u00f3 pateix una dur\u00edssima repressi\u00f3 per part de la Xina des dels anys seixanta i, actualment, s\u2019hi est\u00e0 duent a terme un proc\u00e9s d\u2019assimilaci\u00f3 que inclou el tancament d\u2019escoles i monestirs, aix\u00ed com un fort control de les fronteres, amb l\u2019objectiu d\u2019<strong>ofegar la llengua i la cultura tibetanes.<\/strong><\/p>\n\n\n\n<p>Tot seguit, la Neus G. Rabasa va parlar sobre la poblaci\u00f3 tibetana a l\u2019exili i sobre com es van crear diverses Aldees-Escola per respondre a les necessitats b\u00e0siques dels infants refugiats i rebre una educaci\u00f3 preservant la seva cultura i identitat. <\/p>\n\n\n\n<p>Per altra banda va fer especial menci\u00f3 del <strong>Centre Norbulingka<\/strong> de Dharamsala que t\u00e9 com a missi\u00f3 preservar l\u2019art i la cultura tibetanes mitjan\u00e7ant la formaci\u00f3, la producci\u00f3 artesanal i el treball destinat als refugiats. En aquest context, la Neus va explicar la seva col\u00b7laboraci\u00f3 en la millora de les instal\u00b7lacions de <strong>l\u2019escoleta<\/strong>, que ofereix suport social i educatiu als fills del personal i de la comunitat del Centre Norbulingka.<\/p>\n\n\n\n<p>El sopar, que va reunir unes noranta persones, va aconseguir una recaptaci\u00f3 de 2.000 euros que es destinaran a reformes de l\u2019escoleta: la instal\u00b7laci\u00f3 d\u2019un dip\u00f2sit al terrat que garanteixi l\u2019aigua corrent a la cuina i als lavabos, la incorporaci\u00f3 d\u2019un forn per ampliar la varietat dels \u00e0pats, i l\u2019adquisici\u00f3 d\u2019un equip de so per a celebracions i cerim\u00f2nies. Aquestes reformes contribuiran a millorar el benestar dels infants.<\/p>\n\n\n\n<p>L&#8217;acte va esdevenir un espai de trobada, <strong>solidaritat i comprom\u00eds comunitari,<\/strong> una iniciativa possible gr\u00e0cies al treball col\u00b7lectiu de les persones participants.<\/p>\n\n\n\n<figure class=\"wp-block-gallery has-nested-images columns-2 is-cropped wp-block-gallery-1 is-layout-flex wp-block-gallery-is-layout-flex\">\n<figure class=\"wp-block-image size-large\"><img loading=\"lazy\" decoding=\"async\" width=\"576\" height=\"1024\" data-id=\"70455\" src=\"https:\/\/fundacioateneusantroc.org\/wp-content\/uploads\/2025-sopar-solidari-1.jpg\" alt=\"\" class=\"wp-image-70455\" srcset=\"https:\/\/fundacioateneusantroc.org\/wp-content\/uploads\/2025-sopar-solidari-1.jpg 576w, https:\/\/fundacioateneusantroc.org\/wp-content\/uploads\/2025-sopar-solidari-1-169x300.jpg 169w\" sizes=\"auto, (max-width: 576px) 100vw, 576px\" \/><\/figure>\n\n\n\n<figure class=\"wp-block-image size-large\"><img loading=\"lazy\" decoding=\"async\" width=\"576\" height=\"1024\" data-id=\"70468\" src=\"https:\/\/fundacioateneusantroc.org\/wp-content\/uploads\/2025-sopar-solidari-7.jpg\" alt=\"\" class=\"wp-image-70468\" srcset=\"https:\/\/fundacioateneusantroc.org\/wp-content\/uploads\/2025-sopar-solidari-7.jpg 576w, https:\/\/fundacioateneusantroc.org\/wp-content\/uploads\/2025-sopar-solidari-7-169x300.jpg 169w\" sizes=\"auto, (max-width: 576px) 100vw, 576px\" \/><\/figure>\n\n\n\n<figure class=\"wp-block-image size-large\"><img loading=\"lazy\" decoding=\"async\" width=\"1024\" height=\"640\" data-id=\"70457\" src=\"https:\/\/fundacioateneusantroc.org\/wp-content\/uploads\/2025-sopar-solidari-2.jpg\" alt=\"\" class=\"wp-image-70457\" srcset=\"https:\/\/fundacioateneusantroc.org\/wp-content\/uploads\/2025-sopar-solidari-2.jpg 1024w, https:\/\/fundacioateneusantroc.org\/wp-content\/uploads\/2025-sopar-solidari-2-300x188.jpg 300w, https:\/\/fundacioateneusantroc.org\/wp-content\/uploads\/2025-sopar-solidari-2-768x480.jpg 768w\" sizes=\"auto, (max-width: 1024px) 100vw, 1024px\" \/><\/figure>\n<\/figure>\n","protected":false},"excerpt":{"rendered":"<p>Divendres, 21 de novembre de 2025, en el marc del projecte de Cooperaci\u00f3 i Solidaritat de [&hellip;]<\/p>\n","protected":false},"author":2,"featured_media":70465,"comment_status":"open","ping_status":"open","sticky":false,"template":"","format":"standard","meta":{"footnotes":""},"categories":[1],"tags":[736],"class_list":["post-70452","post","type-post","status-publish","format-standard","has-post-thumbnail","hentry","category-actualitat","tag-cooperacio-i-solidaritat"],"_links":{"self":[{"href":"https:\/\/fundacioateneusantroc.org\/es\/wp-json\/wp\/v2\/posts\/70452","targetHints":{"allow":["GET"]}}],"collection":[{"href":"https:\/\/fundacioateneusantroc.org\/es\/wp-json\/wp\/v2\/posts"}],"about":[{"href":"https:\/\/fundacioateneusantroc.org\/es\/wp-json\/wp\/v2\/types\/post"}],"author":[{"embeddable":true,"href":"https:\/\/fundacioateneusantroc.org\/es\/wp-json\/wp\/v2\/users\/2"}],"replies":[{"embeddable":true,"href":"https:\/\/fundacioateneusantroc.org\/es\/wp-json\/wp\/v2\/comments?post=70452"}],"version-history":[{"count":12,"href":"https:\/\/fundacioateneusantroc.org\/es\/wp-json\/wp\/v2\/posts\/70452\/revisions"}],"predecessor-version":[{"id":70491,"href":"https:\/\/fundacioateneusantroc.org\/es\/wp-json\/wp\/v2\/posts\/70452\/revisions\/70491"}],"wp:featuredmedia":[{"embeddable":true,"href":"https:\/\/fundacioateneusantroc.org\/es\/wp-json\/wp\/v2\/media\/70465"}],"wp:attachment":[{"href":"https:\/\/fundacioateneusantroc.org\/es\/wp-json\/wp\/v2\/media?parent=70452"}],"wp:term":[{"taxonomy":"category","embeddable":true,"href":"https:\/\/fundacioateneusantroc.org\/es\/wp-json\/wp\/v2\/categories?post=70452"},{"taxonomy":"post_tag","embeddable":true,"href":"https:\/\/fundacioateneusantroc.org\/es\/wp-json\/wp\/v2\/tags?post=70452"}],"curies":[{"name":"wp","href":"https:\/\/api.w.org\/{rel}","templated":true}]}}