{"id":70686,"date":"2025-12-21T12:34:31","date_gmt":"2025-12-21T11:34:31","guid":{"rendered":"https:\/\/fundacioateneusantroc.org\/?p=70686"},"modified":"2025-12-21T12:45:15","modified_gmt":"2025-12-21T11:45:15","slug":"la-directa-%c2%b7-la-guerra-dalbiol-contra-els-nous-xabolistes-del-segle-xxi","status":"publish","type":"post","link":"https:\/\/fundacioateneusantroc.org\/es\/la-directa-%c2%b7-la-guerra-dalbiol-contra-els-nous-xabolistes-del-segle-xxi\/","title":{"rendered":"La Directa \u00b7 La guerra d\u2019Albiol contra els nous xabolistes del segle XXI"},"content":{"rendered":"\n<p>L\u2019alcalde de Badalona (PP) impedeix que els desnonats de l\u2019institut B9 puguin dormir o cuinar al carrer, expulsant-los expeditivament amb un operatiu de la Gu\u00e0rdia Urbana i negant-los qualsevol assist\u00e8ncia social<\/p>\n\n\n\n<figure class=\"wp-block-image size-large\"><img loading=\"lazy\" decoding=\"async\" width=\"1024\" height=\"768\" src=\"https:\/\/fundacioateneusantroc.org\/wp-content\/uploads\/2025-B9-1-1024x768.jpg\" alt=\"\" class=\"wp-image-70691\" srcset=\"https:\/\/fundacioateneusantroc.org\/wp-content\/uploads\/2025-B9-1-1024x768.jpg 1024w, https:\/\/fundacioateneusantroc.org\/wp-content\/uploads\/2025-B9-1-300x225.jpg 300w, https:\/\/fundacioateneusantroc.org\/wp-content\/uploads\/2025-B9-1-768x576.jpg 768w, https:\/\/fundacioateneusantroc.org\/wp-content\/uploads\/2025-B9-1.jpg 1280w\" sizes=\"auto, (max-width: 1024px) 100vw, 1024px\" \/><figcaption class=\"wp-element-caption\">M\u00e9s de quaranta policies locals han assetjat durant tot el dia els xabolistes desallotjats de l&#8217;institut B9 de Badalona\u00a0|\u00a0<a href=\"https:\/\/directa.cat\/persons\/pedro-mata-fotomovimiento\/\" target=\"_blank\" rel=\"noopener\">Pedro Mata (Fotomovimiento)<\/a><\/figcaption><\/figure>\n\n\n\n<p><a href=\"https:\/\/directa.cat\/persons\/jesus-rodriguez\/\" target=\"_blank\" rel=\"noopener\">Jes\u00fas Rodr\u00edguez<\/a> \u00b7 19 de desembre de 2025<\/p>\n\n\n\n<p>En el tercer dia d\u2019operaci\u00f3 policial contra els xabolistes de Badalona \u2013que van ser desnonats, el 17 de desembre per la for\u00e7a de l\u2019institut B9 del barri de Sant Roc\u2013 s\u2019han acarnissat encara m\u00e9s contra persones f\u00edsica i psicol\u00f2gicament esgotades, que no troben cap alternativa per a resguardar-se de la pluja i del fred de l\u2019hivern. Amb el suport d\u2019entitats socials, des de dimecres al vespre, havien anat recopilant sacs de dormir i tendes d\u2019acampada, per\u00f2 a primera hora de divendres tornava el malson. Una dotzena de cotxes patrulla de la Gu\u00e0rdia Urbana, acompanyats d\u2019un furg\u00f3 del Grup Especial d\u2019Intervenci\u00f3 Policial (GEIP), s\u2019apostaven al carrer d\u2019Alfons XII i l\u2019avinguda del Marqu\u00e8s de Mont-roig \u2013vuit furgonetes de la Brigada M\u00f2bil s\u2019esperaven dos carrers enll\u00e0, per si reclamaven refor\u00e7os. Xavier Garcia Albiol avui no ha fet acte de pres\u00e8ncia, per\u00f2 la seva m\u00e0 dreta, el regidor de Seguretat Juan Manuel Ruiz, ha comandat en persona tot el dispositiu.<\/p>\n\n\n\n<blockquote class=\"wp-block-quote is-layout-flow wp-block-quote-is-layout-flow\">\n<h3 class=\"wp-block-heading\">Xavier Garcia Albiol avui no ha fet acte de pres\u00e8ncia, per\u00f2 la seva m\u00e0 dreta, el regidor de Seguretat Juan Manuel Ruiz, ha comandat en persona tot el dispositiu<\/h3>\n<\/blockquote>\n\n\n\n<p>L\u2019ultim\u00e0tum acabava a les deu del mat\u00ed i l\u2019amena\u00e7a era clara. O aixecaven les tendes volunt\u00e0riament o s\u2019arriscaven a destrosses i a la p\u00e8rdua de les poques pertinences. Dos camions de recollida de brossa i tres camionetes de reg de carrers se situaven just al darrere del cord\u00f3. En total, un centenar de funcionaris de seguretat i neteja, executant sense q\u00fcestionar les ordres del regidor. <em>\u201cAra agafeu la m\u00e0nega i ho mulleu tot, que no tornin a deixar les coses\u201d,<\/em> els etzibava amb cara de pocs amics. Entre els agents de la Gu\u00e0rdia Urbana n\u2019hi havia que no amagaven estar satisfets i d\u2019altres que miraven a terra o es tapaven la cara amb una braga. <em>\u201cEst\u00e0 plovent i fa fred. Qu\u00e8 voleu? Matar negres? Doncs mateu-nos, un a un, pum, pum, pum\u201d, <\/em>cridava un noi de G\u00e0mbia visiblement desesperat. <em>\u201cRespecteu els drets humans, tenim dret a viure, dignament i sota un sostre. No pot ser que ens obligueu a viure com rates\u201d, <\/em>seguia un company que s\u2019asseia a terra, davant dels escuts.<\/p>\n\n\n\n<figure class=\"wp-block-image size-large\" id=\"attachment_228646\"><img loading=\"lazy\" decoding=\"async\" width=\"1024\" height=\"768\" src=\"https:\/\/fundacioateneusantroc.org\/wp-content\/uploads\/2025-B9-2-1024x768.jpg\" alt=\"\" class=\"wp-image-70693\" srcset=\"https:\/\/fundacioateneusantroc.org\/wp-content\/uploads\/2025-B9-2-1024x768.jpg 1024w, https:\/\/fundacioateneusantroc.org\/wp-content\/uploads\/2025-B9-2-300x225.jpg 300w, https:\/\/fundacioateneusantroc.org\/wp-content\/uploads\/2025-B9-2-768x576.jpg 768w, https:\/\/fundacioateneusantroc.org\/wp-content\/uploads\/2025-B9-2.jpg 1280w\" sizes=\"auto, (max-width: 1024px) 100vw, 1024px\" \/><figcaption class=\"wp-element-caption\">Albiol ha ordenat que durant tot el dia els serveis de neteja mullessin el solar on dormien els desallotjats | Pedro Mata (Fotomovimiento)<\/figcaption><\/figure>\n\n\n\n<p>Despr\u00e9s de tres aven\u00e7os del cord\u00f3 policial, per agafar terreny de la pla\u00e7a, els xabolistes han optat per apilar pertinences sobre carretons o ficar-les en maletes, per tot seguit esquivar l\u2019operatiu de desallotjament per situar-se de nou a l\u2019extrem de la pla\u00e7a on eren a primera hora. <em>\u201cSe\u2019ns estan colant de nou a la zona que ja hem netejat\u201d,<\/em> informava un caporal per r\u00e0dio. <em>\u201cPodem seguir aqu\u00ed discutint tot el dia i tota la tarda o vosaltres aneu a fer la vostra vida i nosaltres la nostra feina. No cuinareu, no cuinareu, perqu\u00e8 ho dic jo\u201d,<\/em> li engegava <strong>el caporal 1455 <\/strong>al Younnouss Dram\u00e9, un dels portaveus dels desallotjats originaris d\u2019\u00c0frica. Aquest mateix comandament ha protagonitzat un tens episodi quan ha amena\u00e7at de sancionar una activista de la campanya Regularitzaci\u00f3 Ja!, que meg\u00e0fon en m\u00e0 animava als concentrats a <em>\u201cno caure en provocacions\u201d. \u201cVost\u00e8 est\u00e0 incitant\u201d, <\/em>li ha recriminat el policia.<\/p>\n\n\n\n<blockquote class=\"wp-block-quote is-layout-flow wp-block-quote-is-layout-flow\">\n<h3 class=\"wp-block-heading\">Enmig de la tensi\u00f3, sense cap explicaci\u00f3 pr\u00e8via, una periodista d\u2019Antena 3 li ha posat uns auriculars a l\u2019orella d\u2019en Younnouss mentre li deia <em>\u201cno pateixis, ara un company et far\u00e0 unes preguntes\u201d<\/em><\/h3>\n<\/blockquote>\n\n\n\n<p>Enmig de la tensi\u00f3, sense cap explicaci\u00f3 pr\u00e8via, una periodista d\u2019Antena 3 li ha posat uns auriculars a l\u2019orella d\u2019en <strong>Younnouss<\/strong> mentre li deia <em>\u201cno pateixis, ara un company et far\u00e0 unes preguntes\u201d.<\/em> Es tractava d\u2019una connexi\u00f3 en directe des d\u2019un plat\u00f3 a Madrid que s\u2019anunciava amb el r\u00e8tol \u201cL\u2019amena\u00e7a dels okupes de Badalona\u201d. L\u2019home intentava explicar una vegada i una altra que <em>\u201csi Albiol ens diu salvatges \u00e9s un racista, com ha de ser alg\u00fa que t\u2019anomena salvatge? Sempre ha estat un racista, amb els magribins, amb els pakistanesos, amb els gitanos, amb qui li ha interessat en cada moment\u201d.<\/em> Des del plat\u00f3 cinc tertulians l\u2019interrompien cont\u00ednuament. La presentadora, Susanna Griso, sortia immediatament en defensa d\u2019Albiol i li responia <em>\u201cquan diu salvatge fa refer\u00e8ncia a l\u2019actitud violenta d\u2019una determinada persona, no us ho prengueu com un comentari racista\u201d. <\/em>Tot seguit, un membre del Sindicat d\u2019Habitatge de Badalona advertia en Younnouss:<em> \u201c\u00e9s una trampa, no continu\u00efs parlant, \u00e9s una televisi\u00f3 controlada pel partit d\u2019Albiol\u201d.<\/em><\/p>\n\n\n\n<figure class=\"wp-block-image size-large\" id=\"attachment_228651\"><img loading=\"lazy\" decoding=\"async\" width=\"1024\" height=\"745\" src=\"https:\/\/fundacioateneusantroc.org\/wp-content\/uploads\/2025-B9-3-1024x745.jpg\" alt=\"\" class=\"wp-image-70695\" srcset=\"https:\/\/fundacioateneusantroc.org\/wp-content\/uploads\/2025-B9-3-1024x745.jpg 1024w, https:\/\/fundacioateneusantroc.org\/wp-content\/uploads\/2025-B9-3-300x218.jpg 300w, https:\/\/fundacioateneusantroc.org\/wp-content\/uploads\/2025-B9-3-768x559.jpg 768w, https:\/\/fundacioateneusantroc.org\/wp-content\/uploads\/2025-B9-3.jpg 1280w\" sizes=\"auto, (max-width: 1024px) 100vw, 1024px\" \/><figcaption class=\"wp-element-caption\">Juan Manuel Ruiz, regidor de Seguretat i m\u00e0 dreta d\u2019Albiol, ha supervisat l\u2019operatiu durant tot el dia | Pedro Mata (Fotomovimiento)<\/figcaption><\/figure>\n\n\n\n<p>Davant la impossibilitat de poder cuinar les cuixes de pollastre i els ous que els havia proporcionat una ve\u00efna, des d\u2019una taula amb voluntaris s\u2019han distribu\u00eft entrepans, begudes i infusions calentes.<strong> Anna Vicente, membre de la Fundaci\u00f3 Ateneu Sant Roc, <\/strong>ha qualificat de \u201cvergony\u00f3s\u201d l\u2019operatiu policial. \u201c<em>Traspassen al carrer un problema que podia estar controlat i que li pod\u00edem haver trobat solucions entre tots. Aquesta gent haur\u00e0 de sobreviure al carrer com puguin, \u00e9s una bomba de rellotgeria\u201d,<\/em> ha afegit en declaracions a aquest mitj\u00e0. <em>\u201cPortem molts anys amb aquesta situaci\u00f3, alguns venen de la nau del Gorg que es va cremar l\u2019any 2020 [on hi van morir cinc persones]. El govern municipal i la Generalitat haurien pogut buscar solucions. No es troben solucions perqu\u00e8 aquesta gent no compta, no vota, aix\u00ed de senzill\u201d,<\/em> rebla indignada.<\/p>\n\n\n\n<blockquote class=\"wp-block-quote is-layout-flow wp-block-quote-is-layout-flow\">\n<h3 class=\"wp-block-heading\">Gisela Berm\u00fadez, portaveu del Sindicat d\u2019Habitatge de Badalona, recorda que aix\u00f2 passa en una ciutat <em>\u201camb 8.000 pisos buits i una Catalunya amb 420.000 pisos buits i 100.000 destinats a l\u2019\u00fas tur\u00edstic\u201d<\/em><\/h3>\n<\/blockquote>\n\n\n\n<p><strong>Gisela Berm\u00fadez, portaveu del Sindicat d\u2019Habitatge de Badalona, <\/strong>ens explica que l\u2019argument principal de l\u2019expulsi\u00f3 de la via p\u00fablica era que <em>\u201cuna brigada de neteja volia netejar el barri de Sant Roc. Curi\u00f3s, jo visc aqu\u00ed de tota la vida i ja et dic que mai s\u2019ha netejat profundament aquests carrers\u201d.<\/em> I fa una lectura pol\u00edtica enfocada en qui considera responsables: <em>\u201c\u00e9s la conseq\u00fc\u00e8ncia m\u00e9s directa d\u2019un sistema que est\u00e0 posant fi a les vides de la classe treballadora per fer negoci amb una necessitat tan b\u00e0sica com l\u2019habitatge\u201d. <\/em>Recorda, a m\u00e9s, que aix\u00f2 passa en una ciutat <em>\u201camb 8.000 pisos buits i una Catalunya amb 420.000 pisos buits i 100.000 destinats a l\u2019\u00fas tur\u00edstic\u201d.<\/em><\/p>\n\n\n\n<figure class=\"wp-block-image size-large\" id=\"attachment_228648\"><img loading=\"lazy\" decoding=\"async\" width=\"1024\" height=\"768\" src=\"https:\/\/fundacioateneusantroc.org\/wp-content\/uploads\/2025-B9-4-1024x768.jpg\" alt=\"\" class=\"wp-image-70697\" srcset=\"https:\/\/fundacioateneusantroc.org\/wp-content\/uploads\/2025-B9-4-1024x768.jpg 1024w, https:\/\/fundacioateneusantroc.org\/wp-content\/uploads\/2025-B9-4-300x225.jpg 300w, https:\/\/fundacioateneusantroc.org\/wp-content\/uploads\/2025-B9-4-768x576.jpg 768w, https:\/\/fundacioateneusantroc.org\/wp-content\/uploads\/2025-B9-4.jpg 1280w\" sizes=\"auto, (max-width: 1024px) 100vw, 1024px\" \/><figcaption class=\"wp-element-caption\">Moltes de les persones desallotjades duen les seves pertinences en carretons que van construir a l\u2019institut B9 | Pedro Mata (Fotomovimiento)<\/figcaption><\/figure>\n\n\n\n<p><strong>Younnouss Dram\u00e9, <\/strong>ens alerta que <em>\u201ctenen mala intenci\u00f3, ens volen expulsar de la ciutat, cosa que no poden fer, no tenen dret. Demanem als altres partits que facin alguna cosa, perqu\u00e8 Albiol no vol buscar solucions, nom\u00e9s ens vol expulsar\u201d.<\/em> I repta a l\u2019edil del PP a qu\u00e8 \u201csigui valent i digui obertament que \u00e9s un alcalde racista\u201d. De la situaci\u00f3 dels desallotjats reconeix <em>\u201cque no hi ha soluci\u00f3 o alternativa i cadasc\u00fa va buscant solucions amb qui l\u2019ajuda. Hi ha m\u00e9s gent vivint als carrers, no nom\u00e9s aqu\u00ed, tamb\u00e9 en altres llocs m\u00e9s tranquils\u201d. <\/em>Recorrent la zona hem pogut comprovar que ha crescut l\u2019assentament que ja hi havia a la platja de Sant Adri\u00e0 de Bes\u00f2s, i d\u2019altres m\u00e9s petits en els laterals de les vies de RENFE, aix\u00ed com en terrenys industrials abandonats dels districtes de Sant Mart\u00ed i Sant Andreu de Barcelona.<\/p>\n\n\n\n<blockquote class=\"wp-block-quote is-layout-flow wp-block-quote-is-layout-flow\">\n<h3 class=\"wp-block-heading\">Ha crescut l\u2019assentament que ja hi havia a la platja de Sant Adri\u00e0 de Bes\u00f2s, d\u2019altres m\u00e9s petits a les vies de RENFE, aix\u00ed com en terrenys industrials abandonats dels districtes de Sant Mart\u00ed i Sant Andreu de Barcelona<\/h3>\n<\/blockquote>\n\n\n\n<p><strong>Carles Sagu\u00e9s, de Badalona Acull, <\/strong>detalla que \u201c<em>hi ha gent disseminada per tota la ciutat o municipis propers. Tenim els contactes d\u2019unes 200 persones per mantenir-los informats i treballar cap a solucions definitives. \u00c9s una situaci\u00f3 extraordin\u00e0ria i calen solucions\u201d. <\/em>Rememora que fa m\u00e9s d\u2019un any, quan Garcia Albiol va tancar l\u2019alberg de Can Bof\u00ed Vell, <em>\u201cles persones acampades van rebre el mateix tipus d\u2019amenaces, persecuci\u00f3, repressi\u00f3. Marxeu d\u2019aqu\u00ed per netejar, despr\u00e9s marxeu d\u2019all\u00e0. El ve\u00efnat est\u00e0 al\u00b7lucinant perqu\u00e8 en aquests carrers sempre hi ha la queixa de brut\u00edcia i no es netegen, no s\u2019havia vist mai que reguessin amb m\u00e0nega\u201d.<\/em><\/p>\n\n\n\n<figure class=\"wp-block-image size-large\" id=\"attachment_228650\"><img loading=\"lazy\" decoding=\"async\" width=\"1024\" height=\"768\" src=\"https:\/\/fundacioateneusantroc.org\/wp-content\/uploads\/2025-B9-5-1024x768.jpg\" alt=\"\" class=\"wp-image-70699\" srcset=\"https:\/\/fundacioateneusantroc.org\/wp-content\/uploads\/2025-B9-5-1024x768.jpg 1024w, https:\/\/fundacioateneusantroc.org\/wp-content\/uploads\/2025-B9-5-300x225.jpg 300w, https:\/\/fundacioateneusantroc.org\/wp-content\/uploads\/2025-B9-5-768x576.jpg 768w, https:\/\/fundacioateneusantroc.org\/wp-content\/uploads\/2025-B9-5.jpg 1280w\" sizes=\"auto, (max-width: 1024px) 100vw, 1024px\" \/><figcaption class=\"wp-element-caption\">En l\u2019operatiu d\u2019avui hi havia la unitat d\u2019antiavalots de la Gu\u00e0rdia Urbana, per\u00f2 tamb\u00e9 cotxes patrulla i motos de les unitats de tr\u00e0nsit | Pedro Mata (Fotomovimiento)<\/figcaption><\/figure>\n\n\n\n<p><strong>L\u2019advocada Mireia Salazar, <\/strong>que els assessora i s\u2019encarrega del proc\u00e9s judicial \u00e9s clara: <em>\u201cel que ha passat avui \u00e9s un desallotjament encobert sota el pretext de netejar. La pressi\u00f3 de la policia era perqu\u00e8 traguessin les tendes, per\u00f2 despr\u00e9s se\u2019ls diu que tampoc poden tenir carros, maletes, perqu\u00e8 incompleix l\u2019ordenan\u00e7a\u201d. <\/em>Ho considera una pressi\u00f3 \u201cil\u00b7l\u00edcita\u201d dels cossos policials i recorda que <em>\u201cs\u00f3n persones que no van ser reallotjades, incomplint la legalitat\u201d. <\/em>No nom\u00e9s aix\u00f2, posa \u00e8mfasi en el fet que<em> \u201cno hi ha hagut cap assist\u00e8ncia social b\u00e0sica, tal com va ordenar la jutgessa. Avui tampoc ha vingut ning\u00fa del servei de sensellarisme\u201d.<\/em><\/p>\n\n\n\n<blockquote class=\"wp-block-quote is-layout-flow wp-block-quote-is-layout-flow\">\n<h3 class=\"wp-block-heading\">L\u2019advocada Mireia Salazar denuncia una pressi\u00f3 \u201cil\u00b7l\u00edcita\u201d dels cossos policials i recorda que <em>\u201cs\u00f3n persones que no van ser reallotjades, incomplint la legalitat\u201d<\/em><\/h3>\n<\/blockquote>\n\n\n\n<p>Ho diu el mateix que dia que ha transcendit un contundent posicionament des de la seu de Nacions Unides (ONU) a Ginebra. El relator especial de l\u2019ONU sobre el dret a un habitatge adequat, <strong>Balakrishnan Rajagopal,<\/strong> i el relator especial de l\u2019ONU sobre els drets dels immigrants, <strong>Gehad Madi, <\/strong>han condemnat el desallotjament de l\u2019assentament al B9 i <em>\u201cavisen que pot constituir una greu violaci\u00f3 dels drets humans dels desallotjats\u201d. <\/em>A m\u00e9s, en una nota de premsa han criticat <em>\u201cque l\u2019Ajuntament de Badalona es negui a oferir alternatives d\u2019habitatge als afectats\u201d<\/em> i veuen inacceptable la \u201cret\u00f2rica discriminat\u00f2ria\u201d.<\/p>\n\n\n\n<p>A mesura que s\u2019anava fent fosc i arribava de nou la pluja tornaven els intents d\u2019al\u00e7ar carpes o tendes d\u2019acampada, frustrats per l\u2019amena\u00e7a reiterada d\u2019intervenci\u00f3 policial. Al capvespre alguns dels desallotjats aconseguien encendre una foguera i d\u2019altres optaven per posar-se a resguard sota el pont de l\u2019autopista C-31. Un dels joves sensesostre es retirava despr\u00e9s de recriminar-li a un dels policies, amb els ulls vidriosos: <em>\u201cA \u00c0frica, quan vosaltres veniu de viatge us tractem b\u00e9, no com animals. Als nostres pa\u00efsos \u00e9s impensable que es deixi la gent morir de fam al carrer, esteu bojos\u201d.<\/em> I un company s\u2019hi afegia amb un advertiment en veu alta, fruit de la r\u00e0bia acumulada al llarg de la jornada: <em>\u201cAlbiol acabar\u00e0 malament els \u00faltims dies de la seva vida. D\u00e9u el castigar\u00e0, acabar\u00e0 amb una greu malaltia pel que ha fet\u201d.<\/em><\/p>\n","protected":false},"excerpt":{"rendered":"<p>L\u2019alcalde de Badalona (PP) impedeix que els desnonats de l\u2019institut B9 puguin dormir o cuinar al [&hellip;]<\/p>\n","protected":false},"author":2,"featured_media":70702,"comment_status":"open","ping_status":"open","sticky":false,"template":"","format":"standard","meta":{"footnotes":""},"categories":[1,2],"tags":[61],"class_list":["post-70686","post","type-post","status-publish","format-standard","has-post-thumbnail","hentry","category-actualitat","category-premsa","tag-drets-humans"],"_links":{"self":[{"href":"https:\/\/fundacioateneusantroc.org\/es\/wp-json\/wp\/v2\/posts\/70686","targetHints":{"allow":["GET"]}}],"collection":[{"href":"https:\/\/fundacioateneusantroc.org\/es\/wp-json\/wp\/v2\/posts"}],"about":[{"href":"https:\/\/fundacioateneusantroc.org\/es\/wp-json\/wp\/v2\/types\/post"}],"author":[{"embeddable":true,"href":"https:\/\/fundacioateneusantroc.org\/es\/wp-json\/wp\/v2\/users\/2"}],"replies":[{"embeddable":true,"href":"https:\/\/fundacioateneusantroc.org\/es\/wp-json\/wp\/v2\/comments?post=70686"}],"version-history":[{"count":12,"href":"https:\/\/fundacioateneusantroc.org\/es\/wp-json\/wp\/v2\/posts\/70686\/revisions"}],"predecessor-version":[{"id":70711,"href":"https:\/\/fundacioateneusantroc.org\/es\/wp-json\/wp\/v2\/posts\/70686\/revisions\/70711"}],"wp:featuredmedia":[{"embeddable":true,"href":"https:\/\/fundacioateneusantroc.org\/es\/wp-json\/wp\/v2\/media\/70702"}],"wp:attachment":[{"href":"https:\/\/fundacioateneusantroc.org\/es\/wp-json\/wp\/v2\/media?parent=70686"}],"wp:term":[{"taxonomy":"category","embeddable":true,"href":"https:\/\/fundacioateneusantroc.org\/es\/wp-json\/wp\/v2\/categories?post=70686"},{"taxonomy":"post_tag","embeddable":true,"href":"https:\/\/fundacioateneusantroc.org\/es\/wp-json\/wp\/v2\/tags?post=70686"}],"curies":[{"name":"wp","href":"https:\/\/api.w.org\/{rel}","templated":true}]}}