{"id":70809,"date":"2026-02-03T08:08:02","date_gmt":"2026-02-03T07:08:02","guid":{"rendered":"https:\/\/fundacioateneusantroc.org\/?p=70809"},"modified":"2026-02-05T08:10:43","modified_gmt":"2026-02-05T07:10:43","slug":"lluis-riera","status":"publish","type":"post","link":"https:\/\/fundacioateneusantroc.org\/es\/lluis-riera\/","title":{"rendered":"Llu\u00eds Riera"},"content":{"rendered":"\n<p>En Llu\u00eds i la Carol, la seva companya, fa uns quants anys, van arribar un dia al\u2019Ateneu per veure com es podien implicar en el dia a dia de l\u2019Entitat.<\/p>\n\n\n\n<p>La seva aposta era ferma, a m\u00e9s de col\u00b7laborar a l\u2019Ateneu venien a viure al barri. A poc a poc es van anar implicant, acompanyant en diverses activitats, les que li permetien la seva activitat de professor de matem\u00e0tiques a Bellvitge.<\/p>\n\n\n\n<p>Les col\u00f2nies d\u2019estiu i el camp de treball van iniciar el seu comprom\u00eds a Sant Roc, ja venint amb experi\u00e8ncia en el m\u00f3n del lleure, en les activitats d&#8217;estiu organitzades per la Fundaci\u00f3 Esc\u00f3 per a infants en situaci\u00f3 de risc social.<\/p>\n\n\n\n<p>La seva gran pasi\u00f3 ha estat el b\u00e0squet, anys d\u2019entrenador a diferents categories de la Penya el van dur a un canvi radical de professi\u00f3.<\/p>\n\n\n\n<p>A poc a poc, la fam\u00edlia va cr\u00e9ixer i la seva orientaci\u00f3 laboral el va dur a diversos llocs del m\u00f3n: Vit\u00f2ria, Sant Petesburg, Est\u00f2nia, Pol\u00f2nia\u2026 Podem afirmar que \u00e9s dels voluntaris m\u00e9s viatgers de l\u2019Ateneu.<\/p>\n\n\n\n<p>Les seves habilitats inform\u00e0tiques van comen\u00e7ar donant resposta a petits dubtes, m\u00e9s endavant a resoldre temes m\u00e9s complexos, i actualment s\u2019encarrega de la xarxa i del manteniment d\u2019ordinadors, juntament amb altres tasques de suport.<\/p>\n\n\n\n<p>No \u00e9s f\u00e0cil, m\u00e9s si com d\u00e8iem viatja i viu a llocs llunyans. Aix\u00f2 ha portar a an\u00e8cdotes divertides, veure un ordinador funcionant sol, veure un altre amb un cartell amb la cara del Llu\u00eds dient: &#8220;No em toquis, estic treballant&#8221;. Els whatsaps volen en dues direccions plenes d\u2019incid\u00e8ncies: &#8220;el ratol\u00ed no em funciona&#8221;, &#8220;quina era la meva contrasenya?&#8221;, &#8220;no puc imprimir&#8221;, &#8220;un dels ordinadors dels joves no funciona&#8221; i aix\u00ed fins a infinitat de missatges. El secret \u00e9s el Llu\u00eds a l\u2019altra banda, fent voluntariat a dist\u00e0ncia!<\/p>\n\n\n\n<p>Les col\u00f2nies s\u00f3n un altre espai de comprom\u00eds. Cada any acompanya als infants i joves a Sant Pau de Seg\u00faries, gaudint amb ells rutes de muntanya, jocs i el dia a dia de la col\u00f2nia.<\/p>\n\n\n\n<p>En Llu\u00eds tamb\u00e9 t\u00e9 una afici\u00f3 amagada: la cuina. Li agrada aprendre a cuinar i fer de &#8220;pinxe&#8221; del Pascual, quan l\u2019ocasi\u00f3 ho requereix. En aquest cas tamb\u00e9 la tecnologia ha estat aliada, la dist\u00e0ncia no \u00e9s problema: llista de productes, hora convinguda i la m\u00e0gia de les videoconfer\u00e8ncies d\u00f3na el seu resultat, sols caldr\u00e0 ajustar el punt de sal.<\/p>\n\n\n\n<p>La seva implicaci\u00f3 va m\u00e9s enll\u00e0 del comprom\u00eds personal: la Carol, la Laia i la Queralt formen part de l\u2019entramat i sovint casar les activitats de tots s\u00f3n un Tetris d\u2019horaris.<\/p>\n\n\n\n<p class=\"has-text-align-right\"><em>Anna Vicente (3 de febrer de 2026)<\/em><\/p>\n","protected":false},"excerpt":{"rendered":"<p>En Llu\u00eds i la Carol, la seva companya, fa uns quants anys, van arribar un dia [&hellip;]<\/p>\n","protected":false},"author":2,"featured_media":70867,"comment_status":"open","ping_status":"open","sticky":false,"template":"","format":"standard","meta":{"footnotes":""},"categories":[1,1089],"tags":[147],"class_list":["post-70809","post","type-post","status-publish","format-standard","has-post-thumbnail","hentry","category-actualitat","category-retrats","tag-voluntariat"],"_links":{"self":[{"href":"https:\/\/fundacioateneusantroc.org\/es\/wp-json\/wp\/v2\/posts\/70809","targetHints":{"allow":["GET"]}}],"collection":[{"href":"https:\/\/fundacioateneusantroc.org\/es\/wp-json\/wp\/v2\/posts"}],"about":[{"href":"https:\/\/fundacioateneusantroc.org\/es\/wp-json\/wp\/v2\/types\/post"}],"author":[{"embeddable":true,"href":"https:\/\/fundacioateneusantroc.org\/es\/wp-json\/wp\/v2\/users\/2"}],"replies":[{"embeddable":true,"href":"https:\/\/fundacioateneusantroc.org\/es\/wp-json\/wp\/v2\/comments?post=70809"}],"version-history":[{"count":4,"href":"https:\/\/fundacioateneusantroc.org\/es\/wp-json\/wp\/v2\/posts\/70809\/revisions"}],"predecessor-version":[{"id":70896,"href":"https:\/\/fundacioateneusantroc.org\/es\/wp-json\/wp\/v2\/posts\/70809\/revisions\/70896"}],"wp:featuredmedia":[{"embeddable":true,"href":"https:\/\/fundacioateneusantroc.org\/es\/wp-json\/wp\/v2\/media\/70867"}],"wp:attachment":[{"href":"https:\/\/fundacioateneusantroc.org\/es\/wp-json\/wp\/v2\/media?parent=70809"}],"wp:term":[{"taxonomy":"category","embeddable":true,"href":"https:\/\/fundacioateneusantroc.org\/es\/wp-json\/wp\/v2\/categories?post=70809"},{"taxonomy":"post_tag","embeddable":true,"href":"https:\/\/fundacioateneusantroc.org\/es\/wp-json\/wp\/v2\/tags?post=70809"}],"curies":[{"name":"wp","href":"https:\/\/api.w.org\/{rel}","templated":true}]}}