{"id":70811,"date":"2026-01-30T08:07:31","date_gmt":"2026-01-30T07:07:31","guid":{"rendered":"https:\/\/fundacioateneusantroc.org\/?p=70811"},"modified":"2026-02-05T08:10:58","modified_gmt":"2026-02-05T07:10:58","slug":"es-divendres-avui-ateneu-al-carrer","status":"publish","type":"post","link":"https:\/\/fundacioateneusantroc.org\/es\/es-divendres-avui-ateneu-al-carrer\/","title":{"rendered":"\u00c9s divendres, avui Ateneu al carrer!"},"content":{"rendered":"\n<p>\u00c9s divendres. La tarda \u00e9s bona. No fa molt de fred, encara hi ha llum i sortir al carrer \u00e9s agradable. Per nosaltres va sent hora de moure\u2019ns, s\u00f3n les cinc de la tarda. L\u2019equip de l\u2019Ateneu al carrer amb jocs, material, pancartes i unes escombres, s\u2019adrecen cap a la pla\u00e7a Camar\u00f3n. \u00c9s el lloc on aquest curs hem decidit desenvolupar el nostre projecte, la nostra intervenci\u00f3 al barri de Sant Roc. El nostre objectiu, com sempre, \u00e9s aconseguir que el carrer sigui un espai de relaci\u00f3, un temps l\u00fadic i relaxat. Un espai reivindicatiu perqu\u00e8 pensem que \u00e9s de tots, que ho hem de dignificar i que les institucions s\u2019han de fer ress\u00f2 de les necessitats i de les defici\u00e8ncies que com barri tenim. Un espai que acolli la diversitat de persones. On tothom pugui estar i ning\u00fa hagi de marxar ni pel color de la pell, ni per l\u2019idioma que parla, ni per l\u2019edat que t\u00e9. Volem fer una proposta que sigui familiar, per\u00f2 on els joves puguin gaudir de la proposta i s\u2019engresquin a jugar.<\/p>\n\n\n\n<p>Anem arribant i ja s\u2019apropen els primers nens. S\u00f3n els m\u00e9s petits. Pregunten si venim a jugar, si poden ajudar a muntar, si escombren, si salten, si falta molt, si em dic Paco, si&#8230; Mentre uns monitors pengen les pancartes de l\u2019activitat (pancartes on fem refer\u00e8ncia a la dignitat del barri i dels ve\u00efns, on es convida a la millora del barri), els altres anem traient el material que necessitem per aquesta tarda. Una proposta que no falta mai \u00e9s la corda, per\u00f2 \u00faltimament engresca molt escombrar la pla\u00e7a. S\u00f3n molts els nens que s\u2019ofereixen per netejar l\u2019espai que farem servir.<\/p>\n\n\n\n<p>La Rosa vol donar corda, el Manuel est\u00e0 nervi\u00f3s per agafar unes anelles i comen\u00e7ar a llan\u00e7ar-les, un grup de joves s\u2019anima a jugar a b\u00e0dminton, i en Luca vol provar amb la indiaca. Hi ha regles, explicacions i algunes normes. Cues per saltar o per estendre la roba amb les agulles que hem portat, nervis pel torn al futbol\u00ed o algun conflicte a l\u2019hora de progressar a la xarranca. Preguntar els noms i fer mem\u00f2ria, fer servir el catal\u00e0 com a idioma vehicular, comptar els salts de la corda o cantar una can\u00e7\u00f3 s\u00f3n un refor\u00e7 dins d\u2019aquest espai m\u00e9s l\u00fadic.<\/p>\n\n\n\n<figure class=\"wp-block-gallery has-nested-images columns-2 is-cropped wp-block-gallery-1 is-layout-flex wp-block-gallery-is-layout-flex\">\n<figure class=\"wp-block-image size-full\"><img loading=\"lazy\" decoding=\"async\" width=\"1024\" height=\"640\" data-id=\"70818\" src=\"https:\/\/fundacioateneusantroc.org\/wp-content\/uploads\/2026-ateneu-al-carrer-5.jpg\" alt=\"\" class=\"wp-image-70818\" srcset=\"https:\/\/fundacioateneusantroc.org\/wp-content\/uploads\/2026-ateneu-al-carrer-5.jpg 1024w, https:\/\/fundacioateneusantroc.org\/wp-content\/uploads\/2026-ateneu-al-carrer-5-300x188.jpg 300w, https:\/\/fundacioateneusantroc.org\/wp-content\/uploads\/2026-ateneu-al-carrer-5-768x480.jpg 768w\" sizes=\"auto, (max-width: 1024px) 100vw, 1024px\" \/><\/figure>\n\n\n\n<figure class=\"wp-block-image size-full\"><img loading=\"lazy\" decoding=\"async\" width=\"1024\" height=\"640\" data-id=\"70820\" src=\"https:\/\/fundacioateneusantroc.org\/wp-content\/uploads\/2026-ateneu-al-carrer-3.jpg\" alt=\"\" class=\"wp-image-70820\" srcset=\"https:\/\/fundacioateneusantroc.org\/wp-content\/uploads\/2026-ateneu-al-carrer-3.jpg 1024w, https:\/\/fundacioateneusantroc.org\/wp-content\/uploads\/2026-ateneu-al-carrer-3-300x188.jpg 300w, https:\/\/fundacioateneusantroc.org\/wp-content\/uploads\/2026-ateneu-al-carrer-3-768x480.jpg 768w\" sizes=\"auto, (max-width: 1024px) 100vw, 1024px\" \/><\/figure>\n\n\n\n<figure class=\"wp-block-image size-full\"><img loading=\"lazy\" decoding=\"async\" width=\"1024\" height=\"640\" data-id=\"70814\" src=\"https:\/\/fundacioateneusantroc.org\/wp-content\/uploads\/2026-ateneu-al-carrer-6.jpg\" alt=\"\" class=\"wp-image-70814\" srcset=\"https:\/\/fundacioateneusantroc.org\/wp-content\/uploads\/2026-ateneu-al-carrer-6.jpg 1024w, https:\/\/fundacioateneusantroc.org\/wp-content\/uploads\/2026-ateneu-al-carrer-6-300x188.jpg 300w, https:\/\/fundacioateneusantroc.org\/wp-content\/uploads\/2026-ateneu-al-carrer-6-768x480.jpg 768w\" sizes=\"auto, (max-width: 1024px) 100vw, 1024px\" \/><\/figure>\n\n\n\n<figure class=\"wp-block-image size-full\"><img loading=\"lazy\" decoding=\"async\" width=\"1024\" height=\"640\" data-id=\"70826\" src=\"https:\/\/fundacioateneusantroc.org\/wp-content\/uploads\/2026-ateneu-al-carrer-7.jpg\" alt=\"\" class=\"wp-image-70826\" srcset=\"https:\/\/fundacioateneusantroc.org\/wp-content\/uploads\/2026-ateneu-al-carrer-7.jpg 1024w, https:\/\/fundacioateneusantroc.org\/wp-content\/uploads\/2026-ateneu-al-carrer-7-300x188.jpg 300w, https:\/\/fundacioateneusantroc.org\/wp-content\/uploads\/2026-ateneu-al-carrer-7-768x480.jpg 768w\" sizes=\"auto, (max-width: 1024px) 100vw, 1024px\" \/><\/figure>\n<\/figure>\n\n\n\n<p>Mentre, alguns pares o mares s\u2019asseuen a la catifa dels petits i ajuden a muntar una torre, una casa, un pont o un cotxe. Una mare acaba saltant per animar al seu fill a participar, i d&#8217;altres dinamitzen algun joc o s&#8217;apropen per xerrar amb algun dels monitors.<\/p>\n\n\n\n<figure class=\"wp-block-gallery has-nested-images columns-default is-cropped wp-block-gallery-2 is-layout-flex wp-block-gallery-is-layout-flex\">\n<figure class=\"wp-block-image size-full\"><img loading=\"lazy\" decoding=\"async\" width=\"1024\" height=\"640\" data-id=\"70816\" src=\"https:\/\/fundacioateneusantroc.org\/wp-content\/uploads\/2026-ateneu-al-carrer-4.jpg\" alt=\"\" class=\"wp-image-70816\" srcset=\"https:\/\/fundacioateneusantroc.org\/wp-content\/uploads\/2026-ateneu-al-carrer-4.jpg 1024w, https:\/\/fundacioateneusantroc.org\/wp-content\/uploads\/2026-ateneu-al-carrer-4-300x188.jpg 300w, https:\/\/fundacioateneusantroc.org\/wp-content\/uploads\/2026-ateneu-al-carrer-4-768x480.jpg 768w\" sizes=\"auto, (max-width: 1024px) 100vw, 1024px\" \/><\/figure>\n\n\n\n<figure class=\"wp-block-image size-full\"><img loading=\"lazy\" decoding=\"async\" width=\"1024\" height=\"640\" data-id=\"70828\" src=\"https:\/\/fundacioateneusantroc.org\/wp-content\/uploads\/2026-ateneu-al-carrer-8.jpg\" alt=\"\" class=\"wp-image-70828\" srcset=\"https:\/\/fundacioateneusantroc.org\/wp-content\/uploads\/2026-ateneu-al-carrer-8.jpg 1024w, https:\/\/fundacioateneusantroc.org\/wp-content\/uploads\/2026-ateneu-al-carrer-8-300x188.jpg 300w, https:\/\/fundacioateneusantroc.org\/wp-content\/uploads\/2026-ateneu-al-carrer-8-768x480.jpg 768w\" sizes=\"auto, (max-width: 1024px) 100vw, 1024px\" \/><\/figure>\n<\/figure>\n\n\n\n<p>Tot plegat un temps molt agra\u00eft pels qui participem. Una relaci\u00f3 estreta amb els infants, amb els familiars que els acompanyen, amb la gent que va passa, mira i somriu. Que la intervenci\u00f3 es repeteixi cada setmana ha generat confian\u00e7a amb els grans, expectatives en els nens (Quan tornareu?), respecte per les normes i per l\u2019espai que compartim, tot indica que anem avan\u00e7ant en aquest objectiu de fer un barri, una ciutat oberta a tothom, una societat m\u00e9s respectuosa i acollidora. Per\u00f2 encara falta molt per fer. Nosaltres continuarem fent-ho en aquest petit espai.<\/p>\n\n\n\n<figure class=\"wp-block-image size-full\"><img loading=\"lazy\" decoding=\"async\" width=\"1024\" height=\"640\" src=\"https:\/\/fundacioateneusantroc.org\/wp-content\/uploads\/2026-ateneu-al-carrer-1.jpg\" alt=\"\" class=\"wp-image-70822\" srcset=\"https:\/\/fundacioateneusantroc.org\/wp-content\/uploads\/2026-ateneu-al-carrer-1.jpg 1024w, https:\/\/fundacioateneusantroc.org\/wp-content\/uploads\/2026-ateneu-al-carrer-1-300x188.jpg 300w, https:\/\/fundacioateneusantroc.org\/wp-content\/uploads\/2026-ateneu-al-carrer-1-768x480.jpg 768w\" sizes=\"auto, (max-width: 1024px) 100vw, 1024px\" \/><\/figure>\n","protected":false},"excerpt":{"rendered":"<p>\u00c9s divendres. La tarda \u00e9s bona. No fa molt de fred, encara hi ha llum i [&hellip;]<\/p>\n","protected":false},"author":2,"featured_media":70812,"comment_status":"open","ping_status":"open","sticky":false,"template":"","format":"standard","meta":{"footnotes":""},"categories":[1],"tags":[731,41],"class_list":["post-70811","post","type-post","status-publish","format-standard","has-post-thumbnail","hentry","category-actualitat","tag-ateneu-al-carrer","tag-cohesio-social"],"_links":{"self":[{"href":"https:\/\/fundacioateneusantroc.org\/es\/wp-json\/wp\/v2\/posts\/70811","targetHints":{"allow":["GET"]}}],"collection":[{"href":"https:\/\/fundacioateneusantroc.org\/es\/wp-json\/wp\/v2\/posts"}],"about":[{"href":"https:\/\/fundacioateneusantroc.org\/es\/wp-json\/wp\/v2\/types\/post"}],"author":[{"embeddable":true,"href":"https:\/\/fundacioateneusantroc.org\/es\/wp-json\/wp\/v2\/users\/2"}],"replies":[{"embeddable":true,"href":"https:\/\/fundacioateneusantroc.org\/es\/wp-json\/wp\/v2\/comments?post=70811"}],"version-history":[{"count":3,"href":"https:\/\/fundacioateneusantroc.org\/es\/wp-json\/wp\/v2\/posts\/70811\/revisions"}],"predecessor-version":[{"id":70830,"href":"https:\/\/fundacioateneusantroc.org\/es\/wp-json\/wp\/v2\/posts\/70811\/revisions\/70830"}],"wp:featuredmedia":[{"embeddable":true,"href":"https:\/\/fundacioateneusantroc.org\/es\/wp-json\/wp\/v2\/media\/70812"}],"wp:attachment":[{"href":"https:\/\/fundacioateneusantroc.org\/es\/wp-json\/wp\/v2\/media?parent=70811"}],"wp:term":[{"taxonomy":"category","embeddable":true,"href":"https:\/\/fundacioateneusantroc.org\/es\/wp-json\/wp\/v2\/categories?post=70811"},{"taxonomy":"post_tag","embeddable":true,"href":"https:\/\/fundacioateneusantroc.org\/es\/wp-json\/wp\/v2\/tags?post=70811"}],"curies":[{"name":"wp","href":"https:\/\/api.w.org\/{rel}","templated":true}]}}