{"id":70849,"date":"2026-02-04T16:01:54","date_gmt":"2026-02-04T15:01:54","guid":{"rendered":"https:\/\/fundacioateneusantroc.org\/?p=70849"},"modified":"2026-02-04T23:18:30","modified_gmt":"2026-02-04T22:18:30","slug":"aula-extensio-universitaria-badalona","status":"publish","type":"post","link":"https:\/\/fundacioateneusantroc.org\/es\/aula-extensio-universitaria-badalona\/","title":{"rendered":"Expliquem les arpilleres de Sant Roc a l&#8217;Aula d&#8217;Extensi\u00f3 Universit\u00e0ria de Badalona"},"content":{"rendered":"\n<p>Avui, 3 de febrer de 2026, hem tingut ocasi\u00f3 d\u2019explicar la nostra experi\u00e8ncia d\u2019arpilleristes a l\u2019Aula d\u2019Extensi\u00f3 Universit\u00e0ria de Badalona, a la qual agra\u00efm profundament el fet que ens hagin convidat.<\/p>\n\n\n\n<p>Com \u00e9s habitual en aquestes sessions, el teatre Zorrilla estava ple de gom a gom. I, \u00e9s clar, aix\u00f2 imposa una mica perqu\u00e8 no estem donades a parlar davant d\u2019un p\u00fablic tan nombr\u00f3s. I, podem dir, sense por d\u2019equivocar-nos, molt expectant: aix\u00f2 de les arpilleres \u00e9s un nom for\u00e7a desconegut i que majorit\u00e0riament s\u2019associa a roba de sac. Qu\u00e8 ens explicaran, doncs?<\/p>\n\n\n\n<figure class=\"wp-block-image size-full\"><img loading=\"lazy\" decoding=\"async\" width=\"1024\" height=\"640\" src=\"https:\/\/fundacioateneusantroc.org\/wp-content\/uploads\/2026-aula-badalona-3.jpg\" alt=\"\" class=\"wp-image-70854\" srcset=\"https:\/\/fundacioateneusantroc.org\/wp-content\/uploads\/2026-aula-badalona-3.jpg 1024w, https:\/\/fundacioateneusantroc.org\/wp-content\/uploads\/2026-aula-badalona-3-300x188.jpg 300w, https:\/\/fundacioateneusantroc.org\/wp-content\/uploads\/2026-aula-badalona-3-768x480.jpg 768w\" sizes=\"auto, (max-width: 1024px) 100vw, 1024px\" \/><\/figure>\n\n\n\n<p>Ha comen\u00e7at la <strong>Pilar<\/strong> situant qui \u00e9rem i d\u2019on ven\u00edem, tot fent un rep\u00e0s for\u00e7a exhaustiu de la realitat de l\u2019Ateneu, les seves activitats principals en pro de la cohesi\u00f3, la llengua i la cultura. Tot aix\u00f2 acompanyat d\u2019imatges que reflectien la realitat social del barri que \u00e9s una de les coses en qu\u00e8 la Pilar ha posat m\u00e9s \u00e8mfasi.<\/p>\n\n\n\n<p>Tamb\u00e9 ha descrit una mica per sobre l\u2019origen de les arpilleres i com va sorgir aquest grup des de la Fundaci\u00f3 Ateneu Sant Roc.<\/p>\n\n\n\n<p>I com que es tractava d\u2019explicar la nostra experi\u00e8ncia com a arpilleristes, ha comen\u00e7at <strong>l\u2019Ant\u00f2nia<\/strong> explicant el seu llarg recorregut per les arpilleres i com des de la conscienciaci\u00f3 de problemes que passen al m\u00f3n i al barri, les arpilleres s\u00f3n una manera d\u2019explicar-ho des del cor.<\/p>\n\n\n\n<p>Despr\u00e9s ha estat el torn de la <strong>Manoli <\/strong>que ha destacat que les arpilleres no s\u00f3n una manualitat com es podria suposar, sin\u00f3 que el seu objectiu \u00e9s explicar hist\u00f2ries que ens colpeixen i ens interessen. Molt important, tamb\u00e9 el fet que encara que podria ser un treball individual, \u00e9s un treball de pensar, reflexionar i triar entre totes el tema que es treballar\u00e0. Cosa que comporta molta cerca d\u2019informaci\u00f3, reflexi\u00f3 i posada en com\u00fa.<\/p>\n\n\n\n<p>La <strong>Paqui<\/strong> ha assenyalat que especialment li dona molta satisfacci\u00f3 poder explicar la seva experi\u00e8ncia vital i transformar-ho en una arpillera.<\/p>\n\n\n\n<p>Despr\u00e9s ha parlat la <strong>Fina<\/strong>, que ha destacat que per ella ha estat molt important con\u00e8ixer i participar en aquest grup tan potent de dones i, que encara que \u00e9s una aprenenta, per ella \u00e9s molt gratificant poder denunciar, a trav\u00e9s de les arpilleres, les situacions injustes que es viuen cada dia.<\/p>\n\n\n\n<p>La <strong>Loli<\/strong>, ha explicat la seva arpillera i ha dit que ha trobat una manera de participar en aquest grup i poder expressar els seus sentiments sobre fets i gent que potser d\u2019altra manera no hauria estat possible.<\/p>\n\n\n\n<p>La <strong>Merc\u00e8<\/strong> ha fet una exhaustiva explicaci\u00f3 del sentit de les arpilleres a patir de la seva t\u00e8cnica i com tot cosint et vas posant en la pell dels personatges i les situacions en qu\u00e8 viuen. I que aix\u00f2 remou des del cor i et fa sentir solid\u00e0ria amb ells.<\/p>\n\n\n\n<p>Finalment, ha pres la paraula la <strong>M\u00f2nica<\/strong> que ha fet un extraordinari resum del qu\u00e8, el com i el per qu\u00e8 de les arpilleres, associant-ho amb el sentiment de comunitat que genera, a m\u00e9s, el Moviment d\u2019arpilleristes que va m\u00e9s enll\u00e0 de les fronteres del nostre barri i la nostra ciutat.<\/p>\n\n\n\n<figure class=\"wp-block-image size-full\"><img loading=\"lazy\" decoding=\"async\" width=\"1024\" height=\"640\" src=\"https:\/\/fundacioateneusantroc.org\/wp-content\/uploads\/2026-aula-badalona-6.jpg\" alt=\"\" class=\"wp-image-70860\" srcset=\"https:\/\/fundacioateneusantroc.org\/wp-content\/uploads\/2026-aula-badalona-6.jpg 1024w, https:\/\/fundacioateneusantroc.org\/wp-content\/uploads\/2026-aula-badalona-6-300x188.jpg 300w, https:\/\/fundacioateneusantroc.org\/wp-content\/uploads\/2026-aula-badalona-6-768x480.jpg 768w\" sizes=\"auto, (max-width: 1024px) 100vw, 1024px\" \/><\/figure>\n\n\n\n<p>Hi ha hagut una pregunta del p\u00fablic interessant-se per si aix\u00f2 era un moviment exclusiu de i per dones. Bona pregunta! I \u00e9s que si no hi ha homes, no \u00e9s pas perqu\u00e8 no puguin ser-hi sin\u00f3 perqu\u00e8 no s\u2019hi deuen sentir cridats. Al que la Pilar ha puntualitzat que en un taller fet amb alumnes de Batxillerat, van participar tant noies com nois sense cap problema. Cosa que pot demostrar que \u00e9s aix\u00ed.<\/p>\n\n\n\n<p>En sortir, els comentaris eren que ha estat un acte molt interessant, intentant mirar de prop la nostra arpillera que explica la hist\u00f2ria de Sant Roc. I des d\u2019aqu\u00ed creiem que \u00e9s molt important aquest acte per donar a con\u00e8ixer, una vegada m\u00e9s, el nostre barri i la nostra feina.<\/p>\n\n\n\n<figure class=\"wp-block-image size-full\"><img loading=\"lazy\" decoding=\"async\" width=\"1024\" height=\"480\" src=\"https:\/\/fundacioateneusantroc.org\/wp-content\/uploads\/2026-aula-badalona-0.jpg\" alt=\"\" class=\"wp-image-70875\" srcset=\"https:\/\/fundacioateneusantroc.org\/wp-content\/uploads\/2026-aula-badalona-0.jpg 1024w, https:\/\/fundacioateneusantroc.org\/wp-content\/uploads\/2026-aula-badalona-0-300x141.jpg 300w, https:\/\/fundacioateneusantroc.org\/wp-content\/uploads\/2026-aula-badalona-0-768x360.jpg 768w\" sizes=\"auto, (max-width: 1024px) 100vw, 1024px\" \/><figcaption class=\"wp-element-caption\"><a href=\"https:\/\/fundacioateneusantroc.org\/ateneu-arpilleres\/retalls-dhistoria-a-sant-roc\"><em>Arpillera: Retalls d&#8217;hist\u00f2ria a Sant Roc<\/em><\/a><\/figcaption><\/figure>\n","protected":false},"excerpt":{"rendered":"<p>Avui, 3 de febrer de 2026, hem tingut ocasi\u00f3 d\u2019explicar la nostra experi\u00e8ncia d\u2019arpilleristes a l\u2019Aula [&hellip;]<\/p>\n","protected":false},"author":2,"featured_media":70850,"comment_status":"open","ping_status":"open","sticky":false,"template":"","format":"standard","meta":{"footnotes":""},"categories":[1,787],"tags":[28],"class_list":["post-70849","post","type-post","status-publish","format-standard","has-post-thumbnail","hentry","category-actualitat","category-les-arpilleres","tag-arpilleras"],"_links":{"self":[{"href":"https:\/\/fundacioateneusantroc.org\/es\/wp-json\/wp\/v2\/posts\/70849","targetHints":{"allow":["GET"]}}],"collection":[{"href":"https:\/\/fundacioateneusantroc.org\/es\/wp-json\/wp\/v2\/posts"}],"about":[{"href":"https:\/\/fundacioateneusantroc.org\/es\/wp-json\/wp\/v2\/types\/post"}],"author":[{"embeddable":true,"href":"https:\/\/fundacioateneusantroc.org\/es\/wp-json\/wp\/v2\/users\/2"}],"replies":[{"embeddable":true,"href":"https:\/\/fundacioateneusantroc.org\/es\/wp-json\/wp\/v2\/comments?post=70849"}],"version-history":[{"count":11,"href":"https:\/\/fundacioateneusantroc.org\/es\/wp-json\/wp\/v2\/posts\/70849\/revisions"}],"predecessor-version":[{"id":70895,"href":"https:\/\/fundacioateneusantroc.org\/es\/wp-json\/wp\/v2\/posts\/70849\/revisions\/70895"}],"wp:featuredmedia":[{"embeddable":true,"href":"https:\/\/fundacioateneusantroc.org\/es\/wp-json\/wp\/v2\/media\/70850"}],"wp:attachment":[{"href":"https:\/\/fundacioateneusantroc.org\/es\/wp-json\/wp\/v2\/media?parent=70849"}],"wp:term":[{"taxonomy":"category","embeddable":true,"href":"https:\/\/fundacioateneusantroc.org\/es\/wp-json\/wp\/v2\/categories?post=70849"},{"taxonomy":"post_tag","embeddable":true,"href":"https:\/\/fundacioateneusantroc.org\/es\/wp-json\/wp\/v2\/tags?post=70849"}],"curies":[{"name":"wp","href":"https:\/\/api.w.org\/{rel}","templated":true}]}}