{"id":71031,"date":"2026-02-19T00:20:28","date_gmt":"2026-02-18T23:20:28","guid":{"rendered":"https:\/\/fundacioateneusantroc.org\/?p=71031"},"modified":"2026-02-19T15:09:57","modified_gmt":"2026-02-19T14:09:57","slug":"inauguracio-de-teixint-resistencia-cosim-futur","status":"publish","type":"post","link":"https:\/\/fundacioateneusantroc.org\/es\/inauguracio-de-teixint-resistencia-cosim-futur\/","title":{"rendered":"Inauguraci\u00f3 de Teixint resist\u00e8ncia, cosim futur"},"content":{"rendered":"\n<p>El passat dia 17 de febrer de 2026 vam inaugurar l\u2019exposici\u00f3 d\u2019arpilleres <strong><a href=\"https:\/\/fundacioateneusantroc.org\/ateneu-arpilleres\/teixint-resistencia-cosim-futur\/\">Teixint resist\u00e8ncia, cosim futur.<\/a><\/strong><\/p>\n\n\n\n<p>Com en totes les exposicions que ja hem estat fent, la sala de l\u2019Ateneu estava plena que feia goig.&nbsp;<\/p>\n\n\n\n<p>Va obrir l\u2019acte la presidenta de la Fundaci\u00f3 Anna Vicente.<\/p>\n\n\n\n<p>Tot seguit, la Pilar L\u00f3pez va fer refer\u00e8ncia al tema que hem treballat en aquesta ocasi\u00f3: <strong>els moviments socials<\/strong>. Tamb\u00e9 va comentar com hav\u00edem arribat a aquest acord entre totes, i com cadascuna en particular o en grup va escollir un tema que la va motivar.<\/p>\n\n\n\n<p>Tot seguit, i com hem dit, en grup o en solitari vam explicar i presentar la nostra arpillera. Cadascuna pret\u00e9n donar una resposta a aquests interrogants:<\/p>\n\n\n\n<ul class=\"wp-block-list\">\n<li>Qui no s\u2019ha integrat mai en un <strong>moviment ve\u00efnal<\/strong> per reivindicar millores del barri, solucions a problemes puntuals, millors serveis, millor mobilitat, millors comunicacions, en definitiva per una ciutat m\u00e9s amable?<\/li>\n<\/ul>\n\n\n\n<ul class=\"wp-block-list\">\n<li>Qui no coneix o sap d\u2019alg\u00fa que ha patit tota mena de <strong>discriminaci\u00f3<\/strong> i fins i tot persecuci\u00f3 o mort- per mor de la seva orientaci\u00f3 sexual?<\/li>\n<\/ul>\n\n\n\n<ul class=\"wp-block-list\">\n<li>Qui no s\u2019ha mogut <strong>espont\u00e0niament i volunt\u00e0ria<\/strong> a causa una desgr\u00e0cia, un accident, una emerg\u00e8ncia, un problema que ens afecta a tots\/es?<\/li>\n<\/ul>\n\n\n\n<ul class=\"wp-block-list\">\n<li>Qui no ha participat en un sindicat o en la <strong>lluita obrera<\/strong> per reclamar unes condicions de treball m\u00e9s dignes?<\/li>\n<\/ul>\n\n\n\n<ul class=\"wp-block-list\">\n<li>Qui no ha patit o coneix alg\u00fa que ha patit discriminaci\u00f3 al seu lloc de treball pel fet de <strong>ser dona <\/strong>i amb un salari inferior per la mateixa feina? O fins i tot assetjament sexual?<\/li>\n<\/ul>\n\n\n\n<ul class=\"wp-block-list\">\n<li>Qui s\u2019ha quedat indiferent i no s\u2019ha sentit cridat a <strong>defensar el planeta<\/strong> quan el gran capital destrossa tot el que se li posa per davant sense escoltar ni tenir en compte els drets dels habitants d\u2019aquest mateix planeta?<\/li>\n<\/ul>\n\n\n\n<ul class=\"wp-block-list\">\n<li>Qui no \u00e9s sensible a la vulneraci\u00f3 dels drets humans i a la <strong>lluita per la dignitat<\/strong> de les persones?<\/li>\n<\/ul>\n\n\n\n<ul class=\"wp-block-list\">\n<li>Qui no creu en la <strong>solidaritat humana<\/strong> capa\u00e7 de travessar fronteres i superar tots els obstacles en moments de m\u00e0xim perill o tensi\u00f3?<\/li>\n<\/ul>\n\n\n\n<p>De tot aix\u00f2 ens parlen aquestes arpilleres. I ho fan d\u2019una manera ben clara, sense subterfugis: aix\u00ed, amb el fil i l\u2019agulla; amb les teles. D\u2019una manera ben palesa.<\/p>\n\n\n\n<p>I d\u2019aix\u00f2 ens han parlat les arpilleristes: cadascuna ha explicat la seva arpillera. I m\u00e9s d\u2019una i m\u00e9s d\u2019un s\u2019hi han sentit identificats i se\u2019ls ha posat un nus al coll. O fins i tot li han aparegut unes ll\u00e0grimes.<\/p>\n\n\n\n<p>Finalment, despr\u00e9s de les presentacions, va prendre la paraula <strong>David Fern\u00e1ndez,<\/strong> periodista i exdiputat, que hi ent\u00e9n un munt de moviments socials per la seva llarga traject\u00f2ria i participaci\u00f3 com a activista social. La seva intervenci\u00f3 ha despertat molt d\u2019inter\u00e8s.<\/p>\n\n\n\n<p>I l\u2019acte s\u2019ha donat per acabat amb una copeta de cava que sempre convida a xerrar, saludar-se, comentar alguna arpillera o fer-ne i fer-se algunes fotos.<\/p>\n\n\n\n<p>No cal dir que des d\u2019aqu\u00ed celebrem l\u2019\u00e8xit de la trobada.<\/p>\n\n\n\n<figure class=\"wp-block-embed is-type-video is-provider-youtube wp-block-embed-youtube wp-embed-aspect-16-9 wp-has-aspect-ratio\"><div class=\"wp-block-embed__wrapper\">\n<iframe loading=\"lazy\" title=\"Teixint resiste\u0300ncia, cosim futur\" width=\"500\" height=\"281\" src=\"https:\/\/www.youtube.com\/embed\/K69S6N87hCs?feature=oembed\" frameborder=\"0\" allow=\"accelerometer; autoplay; clipboard-write; encrypted-media; gyroscope; picture-in-picture; web-share\" referrerpolicy=\"strict-origin-when-cross-origin\" allowfullscreen><\/iframe>\n<\/div><figcaption class=\"wp-element-caption\">BDN Comunicaci\u00f3 \u00b7 Informatius \u00b7 18\/02\/2026<\/figcaption><\/figure>\n\n\n\n<figure class=\"wp-block-image size-large\"><img decoding=\"async\" src=\"https:\/\/fundacioateneusantroc.org\/wp-content\/uploads\/2026-teixint-resistencia.jpg\" alt=\"\"><\/figure>\n\n\n\n<figure class=\"wp-block-image size-large\"><img decoding=\"async\" src=\"https:\/\/fundacioateneusantroc.org\/wp-content\/uploads\/2026-teixint-resistencia-2.jpg\" alt=\"\"><\/figure>\n","protected":false},"excerpt":{"rendered":"<p>El passat dia 17 de febrer de 2026 vam inaugurar l\u2019exposici\u00f3 d\u2019arpilleres Teixint resist\u00e8ncia, cosim futur. [&hellip;]<\/p>\n","protected":false},"author":2,"featured_media":71040,"comment_status":"open","ping_status":"open","sticky":false,"template":"","format":"standard","meta":{"footnotes":""},"categories":[1,787],"tags":[28,734],"class_list":["post-71031","post","type-post","status-publish","format-standard","has-post-thumbnail","hentry","category-actualitat","category-les-arpilleres","tag-arpilleras","tag-dinamitzacio-sociocultural"],"_links":{"self":[{"href":"https:\/\/fundacioateneusantroc.org\/es\/wp-json\/wp\/v2\/posts\/71031","targetHints":{"allow":["GET"]}}],"collection":[{"href":"https:\/\/fundacioateneusantroc.org\/es\/wp-json\/wp\/v2\/posts"}],"about":[{"href":"https:\/\/fundacioateneusantroc.org\/es\/wp-json\/wp\/v2\/types\/post"}],"author":[{"embeddable":true,"href":"https:\/\/fundacioateneusantroc.org\/es\/wp-json\/wp\/v2\/users\/2"}],"replies":[{"embeddable":true,"href":"https:\/\/fundacioateneusantroc.org\/es\/wp-json\/wp\/v2\/comments?post=71031"}],"version-history":[{"count":12,"href":"https:\/\/fundacioateneusantroc.org\/es\/wp-json\/wp\/v2\/posts\/71031\/revisions"}],"predecessor-version":[{"id":71080,"href":"https:\/\/fundacioateneusantroc.org\/es\/wp-json\/wp\/v2\/posts\/71031\/revisions\/71080"}],"wp:featuredmedia":[{"embeddable":true,"href":"https:\/\/fundacioateneusantroc.org\/es\/wp-json\/wp\/v2\/media\/71040"}],"wp:attachment":[{"href":"https:\/\/fundacioateneusantroc.org\/es\/wp-json\/wp\/v2\/media?parent=71031"}],"wp:term":[{"taxonomy":"category","embeddable":true,"href":"https:\/\/fundacioateneusantroc.org\/es\/wp-json\/wp\/v2\/categories?post=71031"},{"taxonomy":"post_tag","embeddable":true,"href":"https:\/\/fundacioateneusantroc.org\/es\/wp-json\/wp\/v2\/tags?post=71031"}],"curies":[{"name":"wp","href":"https:\/\/api.w.org\/{rel}","templated":true}]}}