{"id":71465,"date":"2026-04-10T16:40:27","date_gmt":"2026-04-10T14:40:27","guid":{"rendered":"https:\/\/fundacioateneusantroc.org\/?p=71465"},"modified":"2026-06-10T10:29:56","modified_gmt":"2026-06-10T08:29:56","slug":"antonia-amador","status":"publish","type":"post","link":"https:\/\/fundacioateneusantroc.org\/es\/antonia-amador\/","title":{"rendered":"Antonia Amador"},"content":{"rendered":"\n<p>Es mou per l\u2019Ateneu com si estigu\u00e9s a casa. Hi est\u00e0! \u00e9s casa seva des que els fills, ben petits, van comen\u00e7ar a l\u2019Esplai Borinot. De seguida va col\u00b7laborar en les xocolatades, en els Carnestoltes, en les festes&#8230; i aix\u00ed \u00e9s com es va incorporar al grup de la gent d\u2019Ateneu, aquella gent que est\u00e0 en tot, on cal i sempre que es necessita.<\/p>\n\n\n\n<p>Al llarg dels anys ha participat en \u00e0mbits tan diversos com el teatre, la comissi\u00f3 de festes, les sortides culturals, el Grup de dones o la Trobada. Volunt\u00e0ria al Centre obert fent dutxes i tallers de punt de creu amb els infants, preparant sopars en el Camp de treball i organitzant l&#8217;Homenatge a la gent gran en festes de primavera. \u00c9s polifac\u00e8tica! fa una paella o unes \u201cmigas\u201d i cus una v\u00e0nova de patchwork.<\/p>\n\n\n\n<p>El seu tarann\u00e0 reivindicatiu l\u2019ha portat a ser membre actiu del col\u00b7lectiu Dones i barri en Xarxa, al\u00e7ant la veu per reclamar un barri digne davant les administracions, a la r\u00e0dio, entre els ve\u00efns i ve\u00efnes o en una xerrada a la universitat.<\/p>\n\n\n\n<p>Un punt i a part mereixen les arpilleres a la seva vida. En aquesta t\u00e8cnica t\u00e8xtil ha trobat una forma d&#8217;expressi\u00f3 amb la qual se sent plenament identificada i no dubta en aprofitar l&#8217;oportunitat per reivindicar un m\u00f3n millor, comen\u00e7ant pel barri per\u00f2 arribant molt m\u00e9s enll\u00e0. En les seves arpilleres percebem la seva ess\u00e8ncia: lluitadora com la Passion\u00e0ria, reivindicativa davant les injust\u00edcies amb les retallades en sanitat o amb la situaci\u00f3 dels refugiats, orgullosa de la seva vida en les txaboles de Montju\u00efc i a Sant Roc, sempre alerta a les necessitats actuals tant d\u2019habitatge com d\u2019igualtat de g\u00e8nere.<\/p>\n\n\n\n<p>Amb l&#8217;Antonia, sempre hi pots comptar: per fer un cop de m\u00e0 a l\u2019Ateneu, per dinamitzar una activitat al barri, per treballar en favor dels drets per a tothom.<\/p>\n\n\n\n<p class=\"has-text-align-right\"><em>Pilar L\u00f3pez (10 d\u2019abril de 2026)<\/em><\/p>\n","protected":false},"excerpt":{"rendered":"<p>Es mou per l\u2019Ateneu com si estigu\u00e9s a casa. Hi est\u00e0! \u00e9s casa seva des que [&hellip;]<\/p>\n","protected":false},"author":2,"featured_media":71507,"comment_status":"open","ping_status":"open","sticky":false,"template":"","format":"standard","meta":{"footnotes":""},"categories":[1,1089],"tags":[147,744],"class_list":["post-71465","post","type-post","status-publish","format-standard","has-post-thumbnail","hentry","category-actualitat","category-retrats","tag-voluntariat","tag-voluntaris"],"_links":{"self":[{"href":"https:\/\/fundacioateneusantroc.org\/es\/wp-json\/wp\/v2\/posts\/71465","targetHints":{"allow":["GET"]}}],"collection":[{"href":"https:\/\/fundacioateneusantroc.org\/es\/wp-json\/wp\/v2\/posts"}],"about":[{"href":"https:\/\/fundacioateneusantroc.org\/es\/wp-json\/wp\/v2\/types\/post"}],"author":[{"embeddable":true,"href":"https:\/\/fundacioateneusantroc.org\/es\/wp-json\/wp\/v2\/users\/2"}],"replies":[{"embeddable":true,"href":"https:\/\/fundacioateneusantroc.org\/es\/wp-json\/wp\/v2\/comments?post=71465"}],"version-history":[{"count":5,"href":"https:\/\/fundacioateneusantroc.org\/es\/wp-json\/wp\/v2\/posts\/71465\/revisions"}],"predecessor-version":[{"id":72352,"href":"https:\/\/fundacioateneusantroc.org\/es\/wp-json\/wp\/v2\/posts\/71465\/revisions\/72352"}],"wp:featuredmedia":[{"embeddable":true,"href":"https:\/\/fundacioateneusantroc.org\/es\/wp-json\/wp\/v2\/media\/71507"}],"wp:attachment":[{"href":"https:\/\/fundacioateneusantroc.org\/es\/wp-json\/wp\/v2\/media?parent=71465"}],"wp:term":[{"taxonomy":"category","embeddable":true,"href":"https:\/\/fundacioateneusantroc.org\/es\/wp-json\/wp\/v2\/categories?post=71465"},{"taxonomy":"post_tag","embeddable":true,"href":"https:\/\/fundacioateneusantroc.org\/es\/wp-json\/wp\/v2\/tags?post=71465"}],"curies":[{"name":"wp","href":"https:\/\/api.w.org\/{rel}","templated":true}]}}