{"id":71525,"date":"2026-04-13T19:59:30","date_gmt":"2026-04-13T17:59:30","guid":{"rendered":"https:\/\/fundacioateneusantroc.org\/?p=71525"},"modified":"2026-04-13T22:23:22","modified_gmt":"2026-04-13T20:23:22","slug":"taula-dexperiencies","status":"publish","type":"post","link":"https:\/\/fundacioateneusantroc.org\/es\/taula-dexperiencies\/","title":{"rendered":"Taula d&#8217;experi\u00e8ncies"},"content":{"rendered":"\n<p>Taula d&#8217;experi\u00e8ncies sobre els moviments espontanis, organitzada pel grup Arpilleres de la Fundaci\u00f3 Ateneu Sant Roc dins del marc d&#8217;activitats entorn de l&#8217;exposici\u00f3 <a href=\"https:\/\/fundacioateneusantroc.org\/ateneu-arpilleres\/teixint-resistencia-cosim-futur\/\">Teixint resist\u00e8ncia, cosim futur<\/a> i moderada per Xavi Bund\u00f3.<\/p>\n\n\n\n<p>Amb la participaci\u00f3 de Javi Pardo, Laia Serra, Ruben Wagensberg i Ricard Vilaregut.<\/p>\n\n\n\n<p><a href=\"https:\/\/fundacioateneusantroc.org\/wp-content\/uploads\/moviments-espontanis-web.jpg\">>>Descarregar cartell<\/a><\/p>\n\n\n\n<div style=\"height:100px\" aria-hidden=\"true\" class=\"wp-block-spacer\"><\/div>\n","protected":false},"excerpt":{"rendered":"<p>Taula d&#8217;experi\u00e8ncies sobre els moviments espontanis, organitzada pel grup Arpilleres de la Fundaci\u00f3 Ateneu Sant Roc [&hellip;]<\/p>\n","protected":false},"author":2,"featured_media":71526,"comment_status":"open","ping_status":"open","sticky":false,"template":"","format":"standard","meta":{"footnotes":""},"categories":[1],"tags":[734,738],"class_list":["post-71525","post","type-post","status-publish","format-standard","has-post-thumbnail","hentry","category-actualitat","tag-dinamitzacio-sociocultural","tag-xerrada"],"_links":{"self":[{"href":"https:\/\/fundacioateneusantroc.org\/es\/wp-json\/wp\/v2\/posts\/71525","targetHints":{"allow":["GET"]}}],"collection":[{"href":"https:\/\/fundacioateneusantroc.org\/es\/wp-json\/wp\/v2\/posts"}],"about":[{"href":"https:\/\/fundacioateneusantroc.org\/es\/wp-json\/wp\/v2\/types\/post"}],"author":[{"embeddable":true,"href":"https:\/\/fundacioateneusantroc.org\/es\/wp-json\/wp\/v2\/users\/2"}],"replies":[{"embeddable":true,"href":"https:\/\/fundacioateneusantroc.org\/es\/wp-json\/wp\/v2\/comments?post=71525"}],"version-history":[{"count":7,"href":"https:\/\/fundacioateneusantroc.org\/es\/wp-json\/wp\/v2\/posts\/71525\/revisions"}],"predecessor-version":[{"id":71537,"href":"https:\/\/fundacioateneusantroc.org\/es\/wp-json\/wp\/v2\/posts\/71525\/revisions\/71537"}],"wp:featuredmedia":[{"embeddable":true,"href":"https:\/\/fundacioateneusantroc.org\/es\/wp-json\/wp\/v2\/media\/71526"}],"wp:attachment":[{"href":"https:\/\/fundacioateneusantroc.org\/es\/wp-json\/wp\/v2\/media?parent=71525"}],"wp:term":[{"taxonomy":"category","embeddable":true,"href":"https:\/\/fundacioateneusantroc.org\/es\/wp-json\/wp\/v2\/categories?post=71525"},{"taxonomy":"post_tag","embeddable":true,"href":"https:\/\/fundacioateneusantroc.org\/es\/wp-json\/wp\/v2\/tags?post=71525"}],"curies":[{"name":"wp","href":"https:\/\/api.w.org\/{rel}","templated":true}]}}