{"id":71570,"date":"2026-04-24T16:28:28","date_gmt":"2026-04-24T14:28:28","guid":{"rendered":"https:\/\/fundacioateneusantroc.org\/?p=71570"},"modified":"2026-04-24T16:29:43","modified_gmt":"2026-04-24T14:29:43","slug":"explicar-contes-com-a-eina-transformadora","status":"publish","type":"post","link":"https:\/\/fundacioateneusantroc.org\/es\/explicar-contes-com-a-eina-transformadora\/","title":{"rendered":"Explicar contes com a eina transformadora"},"content":{"rendered":"\n<p>Des de setembre, al Suport d&#8217;educaci\u00f3 infantil hem posat en marxa el contacontes mensual. Un cop al mes, convidem les mares a sortir una mica abans de les seves classes de Formaci\u00f3 de dones Laila per compartir una estona de conte amb els seus nadons.<\/p>\n\n\n\n<p>Pot semblar una proposta senzilla, gaireb\u00e9 t\u00edpica, per\u00f2 mica en mica hem anat descobrint que no ho \u00e9s tant. Explicar contes en directe, sense pantalles pel mig, s\u2019ha convertit gaireb\u00e9 en una petita revoluci\u00f3. Un h\u00e0bit que no sempre est\u00e0 tan present a les cases com podr\u00edem imaginar, i que aqu\u00ed agafa un valor especial.<\/p>\n\n\n\n<p>Cada trobada neix a partir d\u2019un conte escollit amb cura, sovint connectat amb el moment de l\u2019any que estem vivint. I a partir d\u2019aqu\u00ed, juguem amb la manera d\u2019explicar-lo: amb objectes, amb llums, amb formats diferents que ajudin a captar l\u2019atenci\u00f3 dels m\u00e9s petits i a fer part\u00edcips tamb\u00e9 les mares.<\/p>\n\n\n\n<p>A poc a poc hem anat creant petits moments compartits: hist\u00f2ries explicades sota llums suaus, contes que es poden tocar, escenes que es transformen amb ombres o amb elements que cada fam\u00edlia s\u2019end\u00fa a casa. Espais senzills, per\u00f2 plens de sentit, on es genera un vincle especial entre mare i nad\u00f3 a trav\u00e9s de la paraula, la mirada i el temps compartit.<\/p>\n\n\n\n<p>Mes a mes, hem ampliat la participaci\u00f3 dels contacontes i s\u2019hi han unit alguns grups de Laila, que han aprofitat per treballar el conte pr\u00e8viament amb les dones i despr\u00e9s tamb\u00e9 s\u2019han apuntat a escoltar la hist\u00f2ria i compartir l\u2019estona amb els infants m\u00e9s petits.<\/p>\n\n\n\n<p>En paral\u00b7lel, tamb\u00e9 hem engegat l\u2019espai de pr\u00e9stec de contes. Les fam\u00edlies poden endur-se contes a casa durant uns dies, gaudir-los amb calma i tornar-los per descobrir-ne de nous. Una manera d\u2019allargar aquesta experi\u00e8ncia m\u00e9s enll\u00e0 de l\u2019Ateneu, d\u2019enriquir el vocabulari dels infants (i tamb\u00e9 de les mares!) i de tenir acc\u00e9s a contes en catal\u00e0.<\/p>\n\n\n\n<p>Hem vist evolucionar la din\u00e0mica d\u2019aquest espai on les mares han fet seu aquest moment i els infants tamb\u00e9 han apr\u00e8s a aturar-se, escoltar i connectar amb una hist\u00f2ria.<\/p>\n\n\n\n<p>Per part nostra, \u00e9s un espai que gaudim molt preparant. I, sobretot, un espai que ens confirma que, de vegades, les coses m\u00e9s senzilles s\u00f3n les que tenen m\u00e9s impacte.<\/p>\n\n\n\n<figure class=\"wp-block-gallery has-nested-images columns-default is-cropped wp-block-gallery-1 is-layout-flex wp-block-gallery-is-layout-flex\">\n<figure class=\"wp-block-image size-large\"><img loading=\"lazy\" decoding=\"async\" width=\"819\" height=\"1024\" data-id=\"71591\" src=\"https:\/\/fundacioateneusantroc.org\/wp-content\/uploads\/2026-contes-sei-11-819x1024.jpg\" alt=\"\" class=\"wp-image-71591\" srcset=\"https:\/\/fundacioateneusantroc.org\/wp-content\/uploads\/2026-contes-sei-11-819x1024.jpg 819w, https:\/\/fundacioateneusantroc.org\/wp-content\/uploads\/2026-contes-sei-11-240x300.jpg 240w, https:\/\/fundacioateneusantroc.org\/wp-content\/uploads\/2026-contes-sei-11-768x960.jpg 768w, https:\/\/fundacioateneusantroc.org\/wp-content\/uploads\/2026-contes-sei-11.jpg 900w\" sizes=\"auto, (max-width: 819px) 100vw, 819px\" \/><\/figure>\n\n\n\n<figure class=\"wp-block-image size-large\"><img loading=\"lazy\" decoding=\"async\" width=\"1024\" height=\"640\" data-id=\"71589\" src=\"https:\/\/fundacioateneusantroc.org\/wp-content\/uploads\/2026-contes-sei-3.jpg\" alt=\"\" class=\"wp-image-71589\" srcset=\"https:\/\/fundacioateneusantroc.org\/wp-content\/uploads\/2026-contes-sei-3.jpg 1024w, https:\/\/fundacioateneusantroc.org\/wp-content\/uploads\/2026-contes-sei-3-300x188.jpg 300w, https:\/\/fundacioateneusantroc.org\/wp-content\/uploads\/2026-contes-sei-3-768x480.jpg 768w\" sizes=\"auto, (max-width: 1024px) 100vw, 1024px\" \/><\/figure>\n\n\n\n<figure class=\"wp-block-image size-large\"><img loading=\"lazy\" decoding=\"async\" width=\"1024\" height=\"640\" data-id=\"71607\" src=\"https:\/\/fundacioateneusantroc.org\/wp-content\/uploads\/2026-contes-sei-20.jpg\" alt=\"\" class=\"wp-image-71607\" srcset=\"https:\/\/fundacioateneusantroc.org\/wp-content\/uploads\/2026-contes-sei-20.jpg 1024w, https:\/\/fundacioateneusantroc.org\/wp-content\/uploads\/2026-contes-sei-20-300x188.jpg 300w, https:\/\/fundacioateneusantroc.org\/wp-content\/uploads\/2026-contes-sei-20-768x480.jpg 768w\" sizes=\"auto, (max-width: 1024px) 100vw, 1024px\" \/><\/figure>\n\n\n\n<figure class=\"wp-block-image size-large\"><img loading=\"lazy\" decoding=\"async\" width=\"819\" height=\"1024\" data-id=\"71593\" src=\"https:\/\/fundacioateneusantroc.org\/wp-content\/uploads\/2026-contes-sei-12-819x1024.jpg\" alt=\"\" class=\"wp-image-71593\" srcset=\"https:\/\/fundacioateneusantroc.org\/wp-content\/uploads\/2026-contes-sei-12-819x1024.jpg 819w, https:\/\/fundacioateneusantroc.org\/wp-content\/uploads\/2026-contes-sei-12-240x300.jpg 240w, https:\/\/fundacioateneusantroc.org\/wp-content\/uploads\/2026-contes-sei-12-768x960.jpg 768w, https:\/\/fundacioateneusantroc.org\/wp-content\/uploads\/2026-contes-sei-12.jpg 900w\" sizes=\"auto, (max-width: 819px) 100vw, 819px\" \/><\/figure>\n\n\n\n<figure class=\"wp-block-image size-large\"><img loading=\"lazy\" decoding=\"async\" width=\"819\" height=\"1024\" data-id=\"71599\" src=\"https:\/\/fundacioateneusantroc.org\/wp-content\/uploads\/2026-contes-sei-16-819x1024.jpg\" alt=\"\" class=\"wp-image-71599\" srcset=\"https:\/\/fundacioateneusantroc.org\/wp-content\/uploads\/2026-contes-sei-16-819x1024.jpg 819w, https:\/\/fundacioateneusantroc.org\/wp-content\/uploads\/2026-contes-sei-16-240x300.jpg 240w, https:\/\/fundacioateneusantroc.org\/wp-content\/uploads\/2026-contes-sei-16-768x960.jpg 768w, https:\/\/fundacioateneusantroc.org\/wp-content\/uploads\/2026-contes-sei-16.jpg 900w\" sizes=\"auto, (max-width: 819px) 100vw, 819px\" \/><\/figure>\n\n\n\n<figure class=\"wp-block-image size-large\"><img loading=\"lazy\" decoding=\"async\" width=\"819\" height=\"1024\" data-id=\"71595\" src=\"https:\/\/fundacioateneusantroc.org\/wp-content\/uploads\/2026-contes-sei-13-819x1024.jpg\" alt=\"\" class=\"wp-image-71595\" srcset=\"https:\/\/fundacioateneusantroc.org\/wp-content\/uploads\/2026-contes-sei-13-819x1024.jpg 819w, https:\/\/fundacioateneusantroc.org\/wp-content\/uploads\/2026-contes-sei-13-240x300.jpg 240w, https:\/\/fundacioateneusantroc.org\/wp-content\/uploads\/2026-contes-sei-13-768x960.jpg 768w, https:\/\/fundacioateneusantroc.org\/wp-content\/uploads\/2026-contes-sei-13.jpg 900w\" sizes=\"auto, (max-width: 819px) 100vw, 819px\" \/><\/figure>\n\n\n\n<figure class=\"wp-block-image size-large\"><img loading=\"lazy\" decoding=\"async\" width=\"1024\" height=\"640\" data-id=\"71587\" src=\"https:\/\/fundacioateneusantroc.org\/wp-content\/uploads\/2026-contes-sei-2.jpg\" alt=\"\" class=\"wp-image-71587\" srcset=\"https:\/\/fundacioateneusantroc.org\/wp-content\/uploads\/2026-contes-sei-2.jpg 1024w, https:\/\/fundacioateneusantroc.org\/wp-content\/uploads\/2026-contes-sei-2-300x188.jpg 300w, https:\/\/fundacioateneusantroc.org\/wp-content\/uploads\/2026-contes-sei-2-768x480.jpg 768w\" sizes=\"auto, (max-width: 1024px) 100vw, 1024px\" \/><\/figure>\n\n\n\n<figure class=\"wp-block-image size-large\"><img loading=\"lazy\" decoding=\"async\" width=\"818\" height=\"1024\" data-id=\"71603\" src=\"https:\/\/fundacioateneusantroc.org\/wp-content\/uploads\/2026-contes-sei-17-818x1024.jpg\" alt=\"\" class=\"wp-image-71603\" srcset=\"https:\/\/fundacioateneusantroc.org\/wp-content\/uploads\/2026-contes-sei-17-818x1024.jpg 818w, https:\/\/fundacioateneusantroc.org\/wp-content\/uploads\/2026-contes-sei-17-240x300.jpg 240w, https:\/\/fundacioateneusantroc.org\/wp-content\/uploads\/2026-contes-sei-17-768x961.jpg 768w, https:\/\/fundacioateneusantroc.org\/wp-content\/uploads\/2026-contes-sei-17.jpg 900w\" sizes=\"auto, (max-width: 818px) 100vw, 818px\" \/><\/figure>\n\n\n\n<figure class=\"wp-block-image size-full\"><img loading=\"lazy\" decoding=\"async\" width=\"1024\" height=\"640\" data-id=\"71611\" src=\"https:\/\/fundacioateneusantroc.org\/wp-content\/uploads\/2026-contes-sei-10.jpg\" alt=\"\" class=\"wp-image-71611\" srcset=\"https:\/\/fundacioateneusantroc.org\/wp-content\/uploads\/2026-contes-sei-10.jpg 1024w, https:\/\/fundacioateneusantroc.org\/wp-content\/uploads\/2026-contes-sei-10-300x188.jpg 300w, https:\/\/fundacioateneusantroc.org\/wp-content\/uploads\/2026-contes-sei-10-768x480.jpg 768w\" sizes=\"auto, (max-width: 1024px) 100vw, 1024px\" \/><\/figure>\n\n\n\n<figure class=\"wp-block-image size-large\"><img loading=\"lazy\" decoding=\"async\" width=\"1024\" height=\"640\" data-id=\"71601\" src=\"https:\/\/fundacioateneusantroc.org\/wp-content\/uploads\/2026-contes-sei-14b.jpg\" alt=\"\" class=\"wp-image-71601\" srcset=\"https:\/\/fundacioateneusantroc.org\/wp-content\/uploads\/2026-contes-sei-14b.jpg 1024w, https:\/\/fundacioateneusantroc.org\/wp-content\/uploads\/2026-contes-sei-14b-300x188.jpg 300w, https:\/\/fundacioateneusantroc.org\/wp-content\/uploads\/2026-contes-sei-14b-768x480.jpg 768w\" sizes=\"auto, (max-width: 1024px) 100vw, 1024px\" \/><\/figure>\n<\/figure>\n","protected":false},"excerpt":{"rendered":"<p>Des de setembre, al Suport d&#8217;educaci\u00f3 infantil hem posat en marxa el contacontes mensual. Un cop [&hellip;]<\/p>\n","protected":false},"author":2,"featured_media":71585,"comment_status":"open","ping_status":"open","sticky":false,"template":"","format":"standard","meta":{"footnotes":""},"categories":[1],"tags":[],"class_list":["post-71570","post","type-post","status-publish","format-standard","has-post-thumbnail","hentry","category-actualitat"],"_links":{"self":[{"href":"https:\/\/fundacioateneusantroc.org\/es\/wp-json\/wp\/v2\/posts\/71570","targetHints":{"allow":["GET"]}}],"collection":[{"href":"https:\/\/fundacioateneusantroc.org\/es\/wp-json\/wp\/v2\/posts"}],"about":[{"href":"https:\/\/fundacioateneusantroc.org\/es\/wp-json\/wp\/v2\/types\/post"}],"author":[{"embeddable":true,"href":"https:\/\/fundacioateneusantroc.org\/es\/wp-json\/wp\/v2\/users\/2"}],"replies":[{"embeddable":true,"href":"https:\/\/fundacioateneusantroc.org\/es\/wp-json\/wp\/v2\/comments?post=71570"}],"version-history":[{"count":5,"href":"https:\/\/fundacioateneusantroc.org\/es\/wp-json\/wp\/v2\/posts\/71570\/revisions"}],"predecessor-version":[{"id":71613,"href":"https:\/\/fundacioateneusantroc.org\/es\/wp-json\/wp\/v2\/posts\/71570\/revisions\/71613"}],"wp:featuredmedia":[{"embeddable":true,"href":"https:\/\/fundacioateneusantroc.org\/es\/wp-json\/wp\/v2\/media\/71585"}],"wp:attachment":[{"href":"https:\/\/fundacioateneusantroc.org\/es\/wp-json\/wp\/v2\/media?parent=71570"}],"wp:term":[{"taxonomy":"category","embeddable":true,"href":"https:\/\/fundacioateneusantroc.org\/es\/wp-json\/wp\/v2\/categories?post=71570"},{"taxonomy":"post_tag","embeddable":true,"href":"https:\/\/fundacioateneusantroc.org\/es\/wp-json\/wp\/v2\/tags?post=71570"}],"curies":[{"name":"wp","href":"https:\/\/api.w.org\/{rel}","templated":true}]}}