{"id":71615,"date":"2026-04-28T16:57:04","date_gmt":"2026-04-28T14:57:04","guid":{"rendered":"https:\/\/fundacioateneusantroc.org\/?p=71615"},"modified":"2026-04-28T23:55:51","modified_gmt":"2026-04-28T21:55:51","slug":"programa-fira-de-sant-roc-2026","status":"publish","type":"post","link":"https:\/\/fundacioateneusantroc.org\/es\/programa-fira-de-sant-roc-2026\/","title":{"rendered":"Programa 42a Fira de Sant Roc \u00b7 2026"},"content":{"rendered":"\n<h2 class=\"wp-block-heading\">Diumenge, 3 de maig de 2026<br>de 10 a 14 h a la Pla\u00e7a Roja de Badalona<\/h2>\n\n\n\n<h3 class=\"wp-block-heading\">#42firasantroc<\/h3>\n\n\n\n<p><strong>09.00 h <\/strong><br><strong>Penjada de flors<\/strong>&nbsp;a c\u00e0rrec de Dones i barri en xarxa<\/p>\n\n\n\n<p><strong>09.45 h <\/strong><br><strong>Cercavila&nbsp;<\/strong>a c\u00e0rrec de Batucada O&#8217;Barullo. Orfe\u00f3 Badalon\u00ed<\/p>\n\n\n\n<p><strong>10.30 h <\/strong><br><strong>Inauguraci\u00f3 de la <a href=\"https:\/\/fundacioateneusantroc.org\/projecte\/fira-de-sant-roc\/\">Fira de Sant Roc.<\/a> Artesania i mostra d&#8217;entitats<\/strong> <br>amb els Gegants de Sant Jaume i Gegants de Sant Adri\u00e0 de Bes\u00f2s<\/p>\n\n\n\n<p><strong>11.00 h <\/strong><br><strong>Actuacions<\/strong><\/p>\n\n\n\n<ul class=\"wp-block-list\">\n<li>Esbart Sant Jordi. Orfe\u00f3 Badalon\u00ed<\/li>\n\n\n\n<li>Danses pakistaneses amb Diamond Grup<\/li>\n\n\n\n<li>Danses xineses amb Quimen BCN<\/li>\n<\/ul>\n\n\n\n<p><strong>12.15 h <\/strong><br><strong>Manifest de Badalona tenim un&nbsp;somni<\/strong><\/p>\n\n\n\n<p><strong>12.30 h <\/strong><br><strong>Presentaci\u00f3 de Dibuixem la Fira de Sant Roc<\/strong>&nbsp;a c\u00e0rrec de Dibuixem Badalona USk<\/p>\n\n\n\n<p><strong>13.00 h <\/strong><br><strong>Actuaci\u00f3 castellera<\/strong> a c\u00e0rrec dels Castellers de Badalona Colla Micaco<\/p>\n\n\n\n<p><strong>13.30 h <\/strong><br><strong>Cloenda<\/strong> amb els Gegants de Sant Jaume i els Gegants de Sant Adri\u00e0 de Bes\u00f2s<\/p>\n\n\n\n<p><br><strong>Durant el mat\u00ed: Donaci\u00f3 de sang a la Unitat m\u00f2bil del Banc de Sang i Teixits<\/strong><\/p>\n\n\n\n<h2 class=\"wp-block-heading\">Mapa de la pla\u00e7a<\/h2>\n\n\n\n<p>(Entitats per ordre alfab\u00e8tic)<\/p>\n\n\n\n<figure class=\"wp-block-image size-large\"><img loading=\"lazy\" decoding=\"async\" width=\"1024\" height=\"377\" src=\"https:\/\/fundacioateneusantroc.org\/wp-content\/uploads\/2026-fira-de-sant-roc-planol-1024x377.png\" alt=\"\" class=\"wp-image-71649\" srcset=\"https:\/\/fundacioateneusantroc.org\/wp-content\/uploads\/2026-fira-de-sant-roc-planol-1024x377.png 1024w, https:\/\/fundacioateneusantroc.org\/wp-content\/uploads\/2026-fira-de-sant-roc-planol-300x110.png 300w, https:\/\/fundacioateneusantroc.org\/wp-content\/uploads\/2026-fira-de-sant-roc-planol-768x283.png 768w, https:\/\/fundacioateneusantroc.org\/wp-content\/uploads\/2026-fira-de-sant-roc-planol-1536x565.png 1536w, https:\/\/fundacioateneusantroc.org\/wp-content\/uploads\/2026-fira-de-sant-roc-planol-2048x754.png 2048w\" sizes=\"auto, (max-width: 1024px) 100vw, 1024px\" \/><\/figure>\n\n\n\n<figure class=\"wp-block-image size-large\"><img loading=\"lazy\" decoding=\"async\" width=\"972\" height=\"1024\" src=\"https:\/\/fundacioateneusantroc.org\/wp-content\/uploads\/2026-fira-planol-972x1024.jpg\" alt=\"\" class=\"wp-image-71620\" srcset=\"https:\/\/fundacioateneusantroc.org\/wp-content\/uploads\/2026-fira-planol-972x1024.jpg 972w, https:\/\/fundacioateneusantroc.org\/wp-content\/uploads\/2026-fira-planol-285x300.jpg 285w, https:\/\/fundacioateneusantroc.org\/wp-content\/uploads\/2026-fira-planol-768x809.jpg 768w, https:\/\/fundacioateneusantroc.org\/wp-content\/uploads\/2026-fira-planol-1459x1536.jpg 1459w, https:\/\/fundacioateneusantroc.org\/wp-content\/uploads\/2026-fira-planol-1945x2048.jpg 1945w, https:\/\/fundacioateneusantroc.org\/wp-content\/uploads\/2026-fira-planol.jpg 2000w\" sizes=\"auto, (max-width: 972px) 100vw, 972px\" \/><\/figure>\n\n\n\n<h2 class=\"wp-block-heading\">Amb el suport de<\/h2>\n\n\n\n<p>Dones i barri en xarxa \u00b7 Gegants de Sant Jaume \u00b7 Ambul\u00e0ncies Grup La Pau \u00b7 Banc de Sang i Teixits \u00b7 Dibuixem Badalona USk \u00b7 Generalitat de Catalunya-Departament de Drets Socials i Inclusi\u00f3 \u00b7 Ajuntament de Badalona<\/p>\n\n\n\n<p><em><a href=\"https:\/\/fundacioateneusantroc.org\/wp-content\/uploads\/2026-fira-sant-roc-programa-2.pdf\">&gt;&gt;Descarregar el programa (pdf)<\/a><\/em><\/p>\n","protected":false},"excerpt":{"rendered":"<p>Diumenge, 3 de maig de 2026de 10 a 14 h a la Pla\u00e7a Roja de Badalona [&hellip;]<\/p>\n","protected":false},"author":2,"featured_media":71627,"comment_status":"open","ping_status":"open","sticky":false,"template":"","format":"standard","meta":{"footnotes":""},"categories":[1],"tags":[734,1366,35],"class_list":["post-71615","post","type-post","status-publish","format-standard","has-post-thumbnail","hentry","category-actualitat","tag-dinamitzacio-sociocultural","tag-festes-de-primavera","tag-fira-de-sant-roc"],"_links":{"self":[{"href":"https:\/\/fundacioateneusantroc.org\/es\/wp-json\/wp\/v2\/posts\/71615","targetHints":{"allow":["GET"]}}],"collection":[{"href":"https:\/\/fundacioateneusantroc.org\/es\/wp-json\/wp\/v2\/posts"}],"about":[{"href":"https:\/\/fundacioateneusantroc.org\/es\/wp-json\/wp\/v2\/types\/post"}],"author":[{"embeddable":true,"href":"https:\/\/fundacioateneusantroc.org\/es\/wp-json\/wp\/v2\/users\/2"}],"replies":[{"embeddable":true,"href":"https:\/\/fundacioateneusantroc.org\/es\/wp-json\/wp\/v2\/comments?post=71615"}],"version-history":[{"count":20,"href":"https:\/\/fundacioateneusantroc.org\/es\/wp-json\/wp\/v2\/posts\/71615\/revisions"}],"predecessor-version":[{"id":71658,"href":"https:\/\/fundacioateneusantroc.org\/es\/wp-json\/wp\/v2\/posts\/71615\/revisions\/71658"}],"wp:featuredmedia":[{"embeddable":true,"href":"https:\/\/fundacioateneusantroc.org\/es\/wp-json\/wp\/v2\/media\/71627"}],"wp:attachment":[{"href":"https:\/\/fundacioateneusantroc.org\/es\/wp-json\/wp\/v2\/media?parent=71615"}],"wp:term":[{"taxonomy":"category","embeddable":true,"href":"https:\/\/fundacioateneusantroc.org\/es\/wp-json\/wp\/v2\/categories?post=71615"},{"taxonomy":"post_tag","embeddable":true,"href":"https:\/\/fundacioateneusantroc.org\/es\/wp-json\/wp\/v2\/tags?post=71615"}],"curies":[{"name":"wp","href":"https:\/\/api.w.org\/{rel}","templated":true}]}}