{"id":71659,"date":"2026-04-29T13:08:56","date_gmt":"2026-04-29T11:08:56","guid":{"rendered":"https:\/\/fundacioateneusantroc.org\/?p=71659"},"modified":"2026-04-29T13:10:09","modified_gmt":"2026-04-29T11:10:09","slug":"compartint-experiencies-espontaneitat-i-canvi-social","status":"publish","type":"post","link":"https:\/\/fundacioateneusantroc.org\/es\/compartint-experiencies-espontaneitat-i-canvi-social\/","title":{"rendered":"Compartint experi\u00e8ncies: Espontane\u00eftat i canvi social"},"content":{"rendered":"\n<p>El dia 20 d\u2019abril de 2026 vam fer una de les activitats programades lligades a l\u2019exposici\u00f3 d\u2019arpilleres <strong><a href=\"https:\/\/fundacioateneusantroc.org\/ateneu-arpilleres\/teixint-resistencia-cosim-futur\/\">Teixint resist\u00e8ncia, constru\u00efm futur. Arpilleres en acci\u00f3<\/a>.<\/strong><\/p>\n\n\n\n<p>Aquesta vegada, l\u2019acte se centrava en l\u2019arpillera titulada \u201c<strong>Reaccions espont\u00e0nies<\/strong>\u201d de les arpilleristes&nbsp; <strong>Maria Luisa i Esperanza Placencia<\/strong>.<\/p>\n\n\n\n<p>Despr\u00e9s de les paraules de benvinguda per part de la presidenta de la Fundaci\u00f3 Ateneu Sant Roc, <strong>Anna Vicente<\/strong>, les autores de l\u2019esmentada arpillera en van explicar el significat fent especial \u00e8mfasi en les paraules de presentaci\u00f3 que hi havien escrit: <em>&#8230; en l\u00ednies generals la gent jove prefereix les formes de participaci\u00f3 que connecten de manera directa amb els motius de la mobilitzaci\u00f3, participant en les causes en qu\u00e8 creuen que val la pena implicar-se fugint de les organitzacions m\u00e9s institucionals.\u201d<\/em><\/p>\n\n\n\n<p>I no pod\u00edem tenir un exemple m\u00e9s fefaent en la composici\u00f3 de la taula rodona muntada al respecte, i formada per&nbsp; <strong>Javi Pardo, Laia Serra , Ruben Wagensberg, Ricard Vilaregut<\/strong> i moderada <em>per <\/em><strong>Xavi Bund\u00f3.<\/strong><\/p>\n\n\n\n<p>Cadascun d\u2019ells van explicar la seva experi\u00e8ncia de participaci\u00f3-voluntariat: Javi Pardo a la <em>Crisi del Prestige (2002);<\/em> Laia Serra&nbsp; a la <em>DANA de Val\u00e8ncia (2024)<\/em>; Ruben Wagensberg , als conflictes de <em>S\u00edria, Ucra\u00efna, Palestina <\/em>i <em>Lesbos<\/em>; i Ricard Vilaregut, estudi\u00f3s i expert en moviments socials i participant en <em>la crisi de refugiats de Lesbos<\/em>.<\/p>\n\n\n\n<p>En l\u00ednies generals tots van coincidir en la import\u00e0ncia de les \u201c<strong><em>reaccions espont\u00e0nies<\/em><\/strong>\u201d davant de fets, crisis o cat\u00e0strofes que tant els van impactar en el seu moment. I, tamb\u00e9, que malgrat l\u2019esfor\u00e7 en l\u2019ajuda als damnificats sempre els havia quedat la sensaci\u00f3 que podien haver fet m\u00e9s davant la magnitud de les trag\u00e8dies.<\/p>\n\n\n\n<p>De tota manera voldr\u00edem destacar alguns aspectes que els presents van emfasitzar:<\/p>\n\n\n\n<p>La facilitat amb qu\u00e8 a Catalunya es poden organitzar respostes d\u2019emerg\u00e8ncia molt abans que arribi la institucional. Sobretot en la mobilitzaci\u00f3 de gent jove. I d\u2019aqu\u00ed la import\u00e0ncia dels Esplais i el Moviment Escolta de Catalunya, les AFAS i tot el teixit associatiu que ens caracteritza (castellers, sardanistes, bastoners, corals, centres culturals, ateneus&#8230;). I aix\u00f2 es va demostrar en el fet m\u00e9s recent esdevingut a Val\u00e8ncia, els primers d\u2019arribar-hi van ser joves d\u2019aquests moviments. I destacar les paraules d\u2019agra\u00efment dels mateixos testimonis-v\u00edctimes: \u201cdespr\u00e9s diran que els joves no es mobilitzen\u201d o b\u00e9 \u201cels catalans heu vingut de seguida &#8230; tot i com malament es parla de vosaltres\u201d, per nom\u00e9s esmentar-ne un parell.<\/p>\n\n\n\n<p>I un altre aspecte a destacar \u00e9s el que va exposar en Ricard Vilaregut que no \u00e9s cert que els joves no es mobilitzin perqu\u00e8 es compta que un <strong>3% de joves estan mobilitzats <\/strong>i que en moments punta d\u2019alguna necessitat concreta arriba al 4%. I, tamb\u00e9 tenir en compte que les mobilitzacions actuals no s\u00f3n potser com les de temps enrere.<\/p>\n\n\n\n<p>Xavi Bund\u00f3 va voler preguntar si la pand\u00e8mia del Covid-19 havia afectat la socialitzaci\u00f3\/mobilitzaci\u00f3 del jovent. A aquesta pregunta, Laia Serra, la m\u00e9s jove de la taula, va evidenciar el fet que, quan estava a l\u2019edat de forjar-se una consci\u00e8ncia pol\u00edtica, social i reivindicativa, va arribar aquesta pand\u00e8mia i va esguerrar la seva progressi\u00f3. El que, segons Ricard Vilaregut, va provocar que s\u2019hagu\u00e9s de comen\u00e7ar de nou.<\/p>\n\n\n\n<p>Els altres testimonis van compatir totalment aquesta experi\u00e8ncia.<\/p>\n\n\n\n<p>Finalitzades les exposicions i comentaris no es va tenir temps de preguntes i\/o aclariments.<\/p>\n\n\n\n<p>Finalment, entre els assistents va quedar surant a l\u2019ambient que malgrat tots els problemes reals i dificultats de tot tipus, hi ha un p\u00f2sit social de gent amb prou empatia que d\u00f3na motius per a l\u2019esperan\u00e7a.<\/p>\n\n\n\n<figure class=\"wp-block-gallery has-nested-images columns-default is-cropped wp-block-gallery-1 is-layout-flex wp-block-gallery-is-layout-flex\">\n<figure class=\"wp-block-image size-large\"><img loading=\"lazy\" decoding=\"async\" width=\"1024\" height=\"575\" data-id=\"71673\" src=\"https:\/\/fundacioateneusantroc.org\/wp-content\/uploads\/2026-moviments-espontanis-4-1024x575.jpg\" alt=\"\" class=\"wp-image-71673\" srcset=\"https:\/\/fundacioateneusantroc.org\/wp-content\/uploads\/2026-moviments-espontanis-4-1024x575.jpg 1024w, https:\/\/fundacioateneusantroc.org\/wp-content\/uploads\/2026-moviments-espontanis-4-300x168.jpg 300w, https:\/\/fundacioateneusantroc.org\/wp-content\/uploads\/2026-moviments-espontanis-4-768x431.jpg 768w, https:\/\/fundacioateneusantroc.org\/wp-content\/uploads\/2026-moviments-espontanis-4-1536x862.jpg 1536w, https:\/\/fundacioateneusantroc.org\/wp-content\/uploads\/2026-moviments-espontanis-4.jpg 1600w\" sizes=\"auto, (max-width: 1024px) 100vw, 1024px\" \/><\/figure>\n\n\n\n<figure class=\"wp-block-image size-large\"><img loading=\"lazy\" decoding=\"async\" width=\"1024\" height=\"575\" data-id=\"71667\" src=\"https:\/\/fundacioateneusantroc.org\/wp-content\/uploads\/2026-moviments-espontanis-1-1024x575.jpg\" alt=\"\" class=\"wp-image-71667\" srcset=\"https:\/\/fundacioateneusantroc.org\/wp-content\/uploads\/2026-moviments-espontanis-1-1024x575.jpg 1024w, https:\/\/fundacioateneusantroc.org\/wp-content\/uploads\/2026-moviments-espontanis-1-300x168.jpg 300w, https:\/\/fundacioateneusantroc.org\/wp-content\/uploads\/2026-moviments-espontanis-1-768x431.jpg 768w, https:\/\/fundacioateneusantroc.org\/wp-content\/uploads\/2026-moviments-espontanis-1-1536x862.jpg 1536w, https:\/\/fundacioateneusantroc.org\/wp-content\/uploads\/2026-moviments-espontanis-1.jpg 1600w\" sizes=\"auto, (max-width: 1024px) 100vw, 1024px\" \/><\/figure>\n\n\n\n<figure class=\"wp-block-image size-large\"><img loading=\"lazy\" decoding=\"async\" width=\"1024\" height=\"575\" data-id=\"71669\" src=\"https:\/\/fundacioateneusantroc.org\/wp-content\/uploads\/2026-moviments-espontanis-2-1024x575.jpg\" alt=\"\" class=\"wp-image-71669\" srcset=\"https:\/\/fundacioateneusantroc.org\/wp-content\/uploads\/2026-moviments-espontanis-2-1024x575.jpg 1024w, https:\/\/fundacioateneusantroc.org\/wp-content\/uploads\/2026-moviments-espontanis-2-300x168.jpg 300w, https:\/\/fundacioateneusantroc.org\/wp-content\/uploads\/2026-moviments-espontanis-2-768x431.jpg 768w, https:\/\/fundacioateneusantroc.org\/wp-content\/uploads\/2026-moviments-espontanis-2-1536x862.jpg 1536w, https:\/\/fundacioateneusantroc.org\/wp-content\/uploads\/2026-moviments-espontanis-2.jpg 1600w\" sizes=\"auto, (max-width: 1024px) 100vw, 1024px\" \/><\/figure>\n\n\n\n<figure class=\"wp-block-image size-large\"><img loading=\"lazy\" decoding=\"async\" width=\"1024\" height=\"575\" data-id=\"71675\" src=\"https:\/\/fundacioateneusantroc.org\/wp-content\/uploads\/2026-moviments-espontanis-5-1024x575.jpg\" alt=\"\" class=\"wp-image-71675\" srcset=\"https:\/\/fundacioateneusantroc.org\/wp-content\/uploads\/2026-moviments-espontanis-5-1024x575.jpg 1024w, https:\/\/fundacioateneusantroc.org\/wp-content\/uploads\/2026-moviments-espontanis-5-300x168.jpg 300w, https:\/\/fundacioateneusantroc.org\/wp-content\/uploads\/2026-moviments-espontanis-5-768x431.jpg 768w, https:\/\/fundacioateneusantroc.org\/wp-content\/uploads\/2026-moviments-espontanis-5-1536x862.jpg 1536w, https:\/\/fundacioateneusantroc.org\/wp-content\/uploads\/2026-moviments-espontanis-5.jpg 1600w\" sizes=\"auto, (max-width: 1024px) 100vw, 1024px\" \/><\/figure>\n\n\n\n<figure class=\"wp-block-image size-large\"><img loading=\"lazy\" decoding=\"async\" width=\"1024\" height=\"575\" data-id=\"71671\" src=\"https:\/\/fundacioateneusantroc.org\/wp-content\/uploads\/2026-moviments-espontanis-3-1024x575.jpg\" alt=\"\" class=\"wp-image-71671\" srcset=\"https:\/\/fundacioateneusantroc.org\/wp-content\/uploads\/2026-moviments-espontanis-3-1024x575.jpg 1024w, https:\/\/fundacioateneusantroc.org\/wp-content\/uploads\/2026-moviments-espontanis-3-300x168.jpg 300w, https:\/\/fundacioateneusantroc.org\/wp-content\/uploads\/2026-moviments-espontanis-3-768x431.jpg 768w, https:\/\/fundacioateneusantroc.org\/wp-content\/uploads\/2026-moviments-espontanis-3-1536x862.jpg 1536w, https:\/\/fundacioateneusantroc.org\/wp-content\/uploads\/2026-moviments-espontanis-3.jpg 1600w\" sizes=\"auto, (max-width: 1024px) 100vw, 1024px\" \/><\/figure>\n\n\n\n<figure class=\"wp-block-image size-large\"><img loading=\"lazy\" decoding=\"async\" width=\"1024\" height=\"640\" data-id=\"71677\" src=\"https:\/\/fundacioateneusantroc.org\/wp-content\/uploads\/2026-moviments-espontanis-9-1.jpg\" alt=\"\" class=\"wp-image-71677\" srcset=\"https:\/\/fundacioateneusantroc.org\/wp-content\/uploads\/2026-moviments-espontanis-9-1.jpg 1024w, https:\/\/fundacioateneusantroc.org\/wp-content\/uploads\/2026-moviments-espontanis-9-1-300x188.jpg 300w, https:\/\/fundacioateneusantroc.org\/wp-content\/uploads\/2026-moviments-espontanis-9-1-768x480.jpg 768w\" sizes=\"auto, (max-width: 1024px) 100vw, 1024px\" \/><\/figure>\n<\/figure>\n","protected":false},"excerpt":{"rendered":"<p>El dia 20 d\u2019abril de 2026 vam fer una de les activitats programades lligades a l\u2019exposici\u00f3 [&hellip;]<\/p>\n","protected":false},"author":2,"featured_media":71665,"comment_status":"open","ping_status":"open","sticky":false,"template":"","format":"standard","meta":{"footnotes":""},"categories":[1,787],"tags":[],"class_list":["post-71659","post","type-post","status-publish","format-standard","has-post-thumbnail","hentry","category-actualitat","category-les-arpilleres"],"_links":{"self":[{"href":"https:\/\/fundacioateneusantroc.org\/es\/wp-json\/wp\/v2\/posts\/71659","targetHints":{"allow":["GET"]}}],"collection":[{"href":"https:\/\/fundacioateneusantroc.org\/es\/wp-json\/wp\/v2\/posts"}],"about":[{"href":"https:\/\/fundacioateneusantroc.org\/es\/wp-json\/wp\/v2\/types\/post"}],"author":[{"embeddable":true,"href":"https:\/\/fundacioateneusantroc.org\/es\/wp-json\/wp\/v2\/users\/2"}],"replies":[{"embeddable":true,"href":"https:\/\/fundacioateneusantroc.org\/es\/wp-json\/wp\/v2\/comments?post=71659"}],"version-history":[{"count":4,"href":"https:\/\/fundacioateneusantroc.org\/es\/wp-json\/wp\/v2\/posts\/71659\/revisions"}],"predecessor-version":[{"id":71681,"href":"https:\/\/fundacioateneusantroc.org\/es\/wp-json\/wp\/v2\/posts\/71659\/revisions\/71681"}],"wp:featuredmedia":[{"embeddable":true,"href":"https:\/\/fundacioateneusantroc.org\/es\/wp-json\/wp\/v2\/media\/71665"}],"wp:attachment":[{"href":"https:\/\/fundacioateneusantroc.org\/es\/wp-json\/wp\/v2\/media?parent=71659"}],"wp:term":[{"taxonomy":"category","embeddable":true,"href":"https:\/\/fundacioateneusantroc.org\/es\/wp-json\/wp\/v2\/categories?post=71659"},{"taxonomy":"post_tag","embeddable":true,"href":"https:\/\/fundacioateneusantroc.org\/es\/wp-json\/wp\/v2\/tags?post=71659"}],"curies":[{"name":"wp","href":"https:\/\/api.w.org\/{rel}","templated":true}]}}