{"id":71683,"date":"2026-05-05T18:48:14","date_gmt":"2026-05-05T16:48:14","guid":{"rendered":"https:\/\/fundacioateneusantroc.org\/?p=71683"},"modified":"2026-05-07T13:30:15","modified_gmt":"2026-05-07T11:30:15","slug":"fira-sant-roc-2026-un-dia-que-no-tel-saltes","status":"publish","type":"post","link":"https:\/\/fundacioateneusantroc.org\/es\/fira-sant-roc-2026-un-dia-que-no-tel-saltes\/","title":{"rendered":"Diumenge de Fira, un dia que no te&#8217;l saltes"},"content":{"rendered":"\n<p>El dia de la Fira de Sant Roc \u00e9s un dia especial, una data ben assenyalada al calendari. Sempre he intentat explicar qu\u00e8 significa per a mi, i sovint la comparo amb el dia de Nadal: no te\u2019l saltes. \u00c9s aquell moment en qu\u00e8 et retrobes amb tothom, amb la gent que veus cada dia i amb aquells que nom\u00e9s coincideixes un cop l\u2019any a la pla\u00e7a Roja, el primer diumenge de maig, tant si cau en pont com si no.<\/p>\n\n\n\n<p>\u00c9s un jornada per posar-nos al dia, per omplir la pla\u00e7a de vida, de colors i de m\u00fasica. Per sentir l\u2019orgull de ser tants sota la samarreta de l\u2019Ateneu.<\/p>\n\n\n\n<p><strong>La Fira \u00e9s festa, \u00e9s barri, \u00e9s xarxa i tamb\u00e9 \u00e9s reivindicaci\u00f3.<\/strong> \u00c9s portar la cultura i la tradici\u00f3 a tots els racons de Badalona. Una festa de les ve\u00efnes i ve\u00efns, per a les ve\u00efnes i ve\u00efns. Un espai de conviv\u00e8ncia on la tradici\u00f3 catalana es troba amb altres cultures que ja formen part del nostre dia a dia: els balls d\u2019aqu\u00ed, amb l\u2019Esbart Sant Jordi, i els balls d\u2019arreu, amb les comunitats pakistaneses i xineses.<\/p>\n\n\n\n<p>\u00c9s veure els gegants passejant per la pla\u00e7a i les boques obertes de petits i grans. \u00c9s la colla Micaco fent-nos mirar amunt, tocant el cel de Sant Roc.<\/p>\n\n\n\n<p>La Fira tamb\u00e9 \u00e9s veure presents les entitats de la ciutat que fan una tasca tan important en el dia a dia del barri i de Badalona i que no dubten a participar i fer caliu a la pla\u00e7a mostrant els seus projectes i les seves propostes.<\/p>\n\n\n\n<p>Per\u00f2 la Fira tamb\u00e9 \u00e9s tot all\u00f2 que no es veu. \u00c9s una festa cuinada al detall, amb anys i anys de pr\u00e0ctica. Ja en s\u00f3n 42, encara que cada any hi hagi el debat de si en s\u00f3n algun m\u00e9s o menys. Construir-la amb m\u00e9s de 150 persones volunt\u00e0ries no \u00e9s f\u00e0cil, tot i que ho sembli. \u00c9s coordinar equips des de les set del mat\u00ed, muntar carpes, preparar material, organitzar l\u2019electricitat, calcular parades, dist\u00e0ncies i fins i tot tenir en compte cada fanal de la pla\u00e7a. Vol dir escombrar abans i despr\u00e9s, per deixar el barri encara millor del que l\u2019hem trobat.<\/p>\n\n\n\n<figure class=\"wp-block-embed is-type-video is-provider-youtube wp-block-embed-youtube wp-embed-aspect-16-9 wp-has-aspect-ratio\"><div class=\"wp-block-embed__wrapper\">\n<iframe loading=\"lazy\" title=\"2026 Fira de Sant Roc\" width=\"500\" height=\"281\" src=\"https:\/\/www.youtube.com\/embed\/l4nO2NVgupg?feature=oembed\" frameborder=\"0\" allow=\"accelerometer; autoplay; clipboard-write; encrypted-media; gyroscope; picture-in-picture; web-share\" referrerpolicy=\"strict-origin-when-cross-origin\" allowfullscreen><\/iframe>\n<\/div><\/figure>\n\n\n\n<p>I el mat\u00ed passa volant. Mentre passeges entre parades, pots comprar una planteta a l\u2019Esplai Borinot per regalar a la mare, prendre una llimonada al bar del Centre obert Joves i descobrir amb qu\u00e8 ens sorprenen els infants del Centre obert i l\u2019Aula oberta. Petits detalls fets amb molt de carinyo, esperant amb il\u00b7lusi\u00f3 ser venuts per, despr\u00e9s, anar tots junts a gaudir d&#8217;un gelat i passar pel dimoni.<\/p>\n\n\n\n<p>La Fira tamb\u00e9 \u00e9s donar espai als artesans i artesanes perqu\u00e8 mostrin la seva feina, perqu\u00e8 el seu ofici sigui visible i valorat.<\/p>\n\n\n\n<p>I sobretot, la Fira \u00e9s aix\u00f2: cuinar la il\u00b7lusi\u00f3 durant setmanes. Fer que, del m\u00e9s petit al m\u00e9s gran, tothom la senti seva. Que hi cregui. Que, quan s\u2019acabi, ja tingui ganes que torni a arribar el primer diumenge de maig.<\/p>\n\n\n\n<p>Guarnir els fanals amb flors de paper de colors, portant la primavera al barri, \u00e9s potser un dels gestos m\u00e9s bonics i po\u00e8tics. Flors fetes entre totes i tots, gr\u00e0cies a Dones i Barri en Xarxa, que acaben donant forma a una pla\u00e7a viva, plena i compartida.<\/p>\n\n\n\n<p>Perqu\u00e8, al final, la Fira \u00e9s aix\u00f2: <strong>un dia que no te\u2019l saltes.<\/strong><\/p>\n\n\n\n<p class=\"has-text-align-right\"><em>Maria Placencia D\u00edaz<\/em><\/p>\n\n\n\n<figure class=\"wp-block-embed is-type-video is-provider-youtube wp-block-embed-youtube wp-embed-aspect-16-9 wp-has-aspect-ratio\"><div class=\"wp-block-embed__wrapper\">\n<iframe loading=\"lazy\" title=\"2026 Fira de Sant Roc\" width=\"500\" height=\"281\" src=\"https:\/\/www.youtube.com\/embed\/N6v8Lpc0vI0?feature=oembed\" frameborder=\"0\" allow=\"accelerometer; autoplay; clipboard-write; encrypted-media; gyroscope; picture-in-picture; web-share\" referrerpolicy=\"strict-origin-when-cross-origin\" allowfullscreen><\/iframe>\n<\/div><\/figure>\n\n\n\n<figure class=\"wp-block-gallery has-nested-images columns-default is-cropped wp-block-gallery-1 is-layout-flex wp-block-gallery-is-layout-flex\">\n<figure class=\"wp-block-image size-large\"><img loading=\"lazy\" decoding=\"async\" width=\"1024\" height=\"640\" data-id=\"71798\" src=\"https:\/\/fundacioateneusantroc.org\/wp-content\/uploads\/2026-fira-sant-roc-40.jpg\" alt=\"\" class=\"wp-image-71798\" srcset=\"https:\/\/fundacioateneusantroc.org\/wp-content\/uploads\/2026-fira-sant-roc-40.jpg 1024w, https:\/\/fundacioateneusantroc.org\/wp-content\/uploads\/2026-fira-sant-roc-40-300x188.jpg 300w, https:\/\/fundacioateneusantroc.org\/wp-content\/uploads\/2026-fira-sant-roc-40-768x480.jpg 768w\" sizes=\"auto, (max-width: 1024px) 100vw, 1024px\" \/><\/figure>\n\n\n\n<figure class=\"wp-block-image size-large\"><img loading=\"lazy\" decoding=\"async\" width=\"1024\" height=\"640\" data-id=\"71828\" src=\"https:\/\/fundacioateneusantroc.org\/wp-content\/uploads\/2026-fira-sant-roc-55.jpg\" alt=\"\" class=\"wp-image-71828\" srcset=\"https:\/\/fundacioateneusantroc.org\/wp-content\/uploads\/2026-fira-sant-roc-55.jpg 1024w, https:\/\/fundacioateneusantroc.org\/wp-content\/uploads\/2026-fira-sant-roc-55-300x188.jpg 300w, https:\/\/fundacioateneusantroc.org\/wp-content\/uploads\/2026-fira-sant-roc-55-768x480.jpg 768w\" sizes=\"auto, (max-width: 1024px) 100vw, 1024px\" \/><\/figure>\n\n\n\n<figure class=\"wp-block-image size-large\"><img loading=\"lazy\" decoding=\"async\" width=\"1024\" height=\"640\" data-id=\"71796\" src=\"https:\/\/fundacioateneusantroc.org\/wp-content\/uploads\/2026-fira-sant-roc-38.jpg\" alt=\"\" class=\"wp-image-71796\" srcset=\"https:\/\/fundacioateneusantroc.org\/wp-content\/uploads\/2026-fira-sant-roc-38.jpg 1024w, https:\/\/fundacioateneusantroc.org\/wp-content\/uploads\/2026-fira-sant-roc-38-300x188.jpg 300w, https:\/\/fundacioateneusantroc.org\/wp-content\/uploads\/2026-fira-sant-roc-38-768x480.jpg 768w\" sizes=\"auto, (max-width: 1024px) 100vw, 1024px\" \/><\/figure>\n\n\n\n<figure class=\"wp-block-image size-large\"><img loading=\"lazy\" decoding=\"async\" width=\"1024\" height=\"640\" data-id=\"71802\" src=\"https:\/\/fundacioateneusantroc.org\/wp-content\/uploads\/2026-fira-sant-roc-42.jpg\" alt=\"\" class=\"wp-image-71802\" srcset=\"https:\/\/fundacioateneusantroc.org\/wp-content\/uploads\/2026-fira-sant-roc-42.jpg 1024w, https:\/\/fundacioateneusantroc.org\/wp-content\/uploads\/2026-fira-sant-roc-42-300x188.jpg 300w, https:\/\/fundacioateneusantroc.org\/wp-content\/uploads\/2026-fira-sant-roc-42-768x480.jpg 768w\" sizes=\"auto, (max-width: 1024px) 100vw, 1024px\" \/><\/figure>\n\n\n\n<figure class=\"wp-block-image size-full\"><img loading=\"lazy\" decoding=\"async\" width=\"1024\" height=\"640\" data-id=\"71794\" src=\"https:\/\/fundacioateneusantroc.org\/wp-content\/uploads\/2026-fira-sant-roc-36.jpg\" alt=\"\" class=\"wp-image-71794\" srcset=\"https:\/\/fundacioateneusantroc.org\/wp-content\/uploads\/2026-fira-sant-roc-36.jpg 1024w, https:\/\/fundacioateneusantroc.org\/wp-content\/uploads\/2026-fira-sant-roc-36-300x188.jpg 300w, https:\/\/fundacioateneusantroc.org\/wp-content\/uploads\/2026-fira-sant-roc-36-768x480.jpg 768w\" sizes=\"auto, (max-width: 1024px) 100vw, 1024px\" \/><\/figure>\n\n\n\n<figure class=\"wp-block-image size-large\"><img loading=\"lazy\" decoding=\"async\" width=\"1024\" height=\"640\" data-id=\"71732\" src=\"https:\/\/fundacioateneusantroc.org\/wp-content\/uploads\/2026-fira-sant-roc-05.jpg\" alt=\"\" class=\"wp-image-71732\" srcset=\"https:\/\/fundacioateneusantroc.org\/wp-content\/uploads\/2026-fira-sant-roc-05.jpg 1024w, https:\/\/fundacioateneusantroc.org\/wp-content\/uploads\/2026-fira-sant-roc-05-300x188.jpg 300w, https:\/\/fundacioateneusantroc.org\/wp-content\/uploads\/2026-fira-sant-roc-05-768x480.jpg 768w\" sizes=\"auto, (max-width: 1024px) 100vw, 1024px\" \/><\/figure>\n\n\n\n<figure class=\"wp-block-image size-large\"><img loading=\"lazy\" decoding=\"async\" width=\"1024\" height=\"640\" data-id=\"71746\" src=\"https:\/\/fundacioateneusantroc.org\/wp-content\/uploads\/2026-fira-sant-roc-12.jpg\" alt=\"\" class=\"wp-image-71746\" srcset=\"https:\/\/fundacioateneusantroc.org\/wp-content\/uploads\/2026-fira-sant-roc-12.jpg 1024w, https:\/\/fundacioateneusantroc.org\/wp-content\/uploads\/2026-fira-sant-roc-12-300x188.jpg 300w, https:\/\/fundacioateneusantroc.org\/wp-content\/uploads\/2026-fira-sant-roc-12-768x480.jpg 768w\" sizes=\"auto, (max-width: 1024px) 100vw, 1024px\" \/><\/figure>\n\n\n\n<figure class=\"wp-block-image size-large\"><img loading=\"lazy\" decoding=\"async\" width=\"1024\" height=\"640\" data-id=\"71740\" src=\"https:\/\/fundacioateneusantroc.org\/wp-content\/uploads\/2026-fira-sant-roc-09.jpg\" alt=\"\" class=\"wp-image-71740\" srcset=\"https:\/\/fundacioateneusantroc.org\/wp-content\/uploads\/2026-fira-sant-roc-09.jpg 1024w, https:\/\/fundacioateneusantroc.org\/wp-content\/uploads\/2026-fira-sant-roc-09-300x188.jpg 300w, https:\/\/fundacioateneusantroc.org\/wp-content\/uploads\/2026-fira-sant-roc-09-768x480.jpg 768w\" sizes=\"auto, (max-width: 1024px) 100vw, 1024px\" \/><\/figure>\n\n\n\n<figure class=\"wp-block-image size-large\"><img loading=\"lazy\" decoding=\"async\" width=\"1024\" height=\"640\" data-id=\"71738\" src=\"https:\/\/fundacioateneusantroc.org\/wp-content\/uploads\/2026-fira-sant-roc-08.jpg\" alt=\"\" class=\"wp-image-71738\" srcset=\"https:\/\/fundacioateneusantroc.org\/wp-content\/uploads\/2026-fira-sant-roc-08.jpg 1024w, https:\/\/fundacioateneusantroc.org\/wp-content\/uploads\/2026-fira-sant-roc-08-300x188.jpg 300w, https:\/\/fundacioateneusantroc.org\/wp-content\/uploads\/2026-fira-sant-roc-08-768x480.jpg 768w\" sizes=\"auto, (max-width: 1024px) 100vw, 1024px\" \/><\/figure>\n\n\n\n<figure class=\"wp-block-image size-large\"><img loading=\"lazy\" decoding=\"async\" width=\"751\" height=\"1024\" data-id=\"71822\" src=\"https:\/\/fundacioateneusantroc.org\/wp-content\/uploads\/2026-fira-sant-roc-52.jpg\" alt=\"\" class=\"wp-image-71822\" srcset=\"https:\/\/fundacioateneusantroc.org\/wp-content\/uploads\/2026-fira-sant-roc-52.jpg 751w, https:\/\/fundacioateneusantroc.org\/wp-content\/uploads\/2026-fira-sant-roc-52-220x300.jpg 220w\" sizes=\"auto, (max-width: 751px) 100vw, 751px\" \/><\/figure>\n\n\n\n<figure class=\"wp-block-image size-large\"><img loading=\"lazy\" decoding=\"async\" width=\"640\" height=\"1024\" data-id=\"71748\" src=\"https:\/\/fundacioateneusantroc.org\/wp-content\/uploads\/2026-fira-sant-roc-13.jpg\" alt=\"\" class=\"wp-image-71748\" srcset=\"https:\/\/fundacioateneusantroc.org\/wp-content\/uploads\/2026-fira-sant-roc-13.jpg 640w, https:\/\/fundacioateneusantroc.org\/wp-content\/uploads\/2026-fira-sant-roc-13-188x300.jpg 188w\" sizes=\"auto, (max-width: 640px) 100vw, 640px\" \/><\/figure>\n\n\n\n<figure class=\"wp-block-image size-large\"><img loading=\"lazy\" decoding=\"async\" width=\"640\" height=\"1024\" data-id=\"71734\" src=\"https:\/\/fundacioateneusantroc.org\/wp-content\/uploads\/2026-fira-sant-roc-06.jpg\" alt=\"\" class=\"wp-image-71734\" srcset=\"https:\/\/fundacioateneusantroc.org\/wp-content\/uploads\/2026-fira-sant-roc-06.jpg 640w, https:\/\/fundacioateneusantroc.org\/wp-content\/uploads\/2026-fira-sant-roc-06-188x300.jpg 188w\" sizes=\"auto, (max-width: 640px) 100vw, 640px\" \/><\/figure>\n\n\n\n<figure class=\"wp-block-image size-large\"><img loading=\"lazy\" decoding=\"async\" width=\"1024\" height=\"640\" data-id=\"71750\" src=\"https:\/\/fundacioateneusantroc.org\/wp-content\/uploads\/2026-fira-sant-roc-14.jpg\" alt=\"\" class=\"wp-image-71750\" srcset=\"https:\/\/fundacioateneusantroc.org\/wp-content\/uploads\/2026-fira-sant-roc-14.jpg 1024w, https:\/\/fundacioateneusantroc.org\/wp-content\/uploads\/2026-fira-sant-roc-14-300x188.jpg 300w, https:\/\/fundacioateneusantroc.org\/wp-content\/uploads\/2026-fira-sant-roc-14-768x480.jpg 768w\" sizes=\"auto, (max-width: 1024px) 100vw, 1024px\" \/><\/figure>\n\n\n\n<figure class=\"wp-block-image size-large\"><img loading=\"lazy\" decoding=\"async\" width=\"1024\" height=\"640\" data-id=\"71742\" src=\"https:\/\/fundacioateneusantroc.org\/wp-content\/uploads\/2026-fira-sant-roc-10.jpg\" alt=\"\" class=\"wp-image-71742\" srcset=\"https:\/\/fundacioateneusantroc.org\/wp-content\/uploads\/2026-fira-sant-roc-10.jpg 1024w, https:\/\/fundacioateneusantroc.org\/wp-content\/uploads\/2026-fira-sant-roc-10-300x188.jpg 300w, https:\/\/fundacioateneusantroc.org\/wp-content\/uploads\/2026-fira-sant-roc-10-768x480.jpg 768w\" sizes=\"auto, (max-width: 1024px) 100vw, 1024px\" \/><\/figure>\n\n\n\n<figure class=\"wp-block-image size-large\"><img loading=\"lazy\" decoding=\"async\" width=\"1024\" height=\"640\" data-id=\"71760\" src=\"https:\/\/fundacioateneusantroc.org\/wp-content\/uploads\/2026-fira-sant-roc-19.jpg\" alt=\"\" class=\"wp-image-71760\" srcset=\"https:\/\/fundacioateneusantroc.org\/wp-content\/uploads\/2026-fira-sant-roc-19.jpg 1024w, https:\/\/fundacioateneusantroc.org\/wp-content\/uploads\/2026-fira-sant-roc-19-300x188.jpg 300w, https:\/\/fundacioateneusantroc.org\/wp-content\/uploads\/2026-fira-sant-roc-19-768x480.jpg 768w\" sizes=\"auto, (max-width: 1024px) 100vw, 1024px\" \/><\/figure>\n\n\n\n<figure class=\"wp-block-image size-large\"><img loading=\"lazy\" decoding=\"async\" width=\"1024\" height=\"640\" data-id=\"71752\" src=\"https:\/\/fundacioateneusantroc.org\/wp-content\/uploads\/2026-fira-sant-roc-15.jpg\" alt=\"\" class=\"wp-image-71752\" srcset=\"https:\/\/fundacioateneusantroc.org\/wp-content\/uploads\/2026-fira-sant-roc-15.jpg 1024w, https:\/\/fundacioateneusantroc.org\/wp-content\/uploads\/2026-fira-sant-roc-15-300x188.jpg 300w, https:\/\/fundacioateneusantroc.org\/wp-content\/uploads\/2026-fira-sant-roc-15-768x480.jpg 768w\" sizes=\"auto, (max-width: 1024px) 100vw, 1024px\" \/><\/figure>\n\n\n\n<figure class=\"wp-block-image size-large\"><img loading=\"lazy\" decoding=\"async\" width=\"1024\" height=\"640\" data-id=\"71754\" src=\"https:\/\/fundacioateneusantroc.org\/wp-content\/uploads\/2026-fira-sant-roc-16.jpg\" alt=\"\" class=\"wp-image-71754\" srcset=\"https:\/\/fundacioateneusantroc.org\/wp-content\/uploads\/2026-fira-sant-roc-16.jpg 1024w, https:\/\/fundacioateneusantroc.org\/wp-content\/uploads\/2026-fira-sant-roc-16-300x188.jpg 300w, https:\/\/fundacioateneusantroc.org\/wp-content\/uploads\/2026-fira-sant-roc-16-768x480.jpg 768w\" sizes=\"auto, (max-width: 1024px) 100vw, 1024px\" \/><\/figure>\n\n\n\n<figure class=\"wp-block-image size-large\"><img loading=\"lazy\" decoding=\"async\" width=\"1024\" height=\"640\" data-id=\"71744\" src=\"https:\/\/fundacioateneusantroc.org\/wp-content\/uploads\/2026-fira-sant-roc-11.jpg\" alt=\"\" class=\"wp-image-71744\" srcset=\"https:\/\/fundacioateneusantroc.org\/wp-content\/uploads\/2026-fira-sant-roc-11.jpg 1024w, https:\/\/fundacioateneusantroc.org\/wp-content\/uploads\/2026-fira-sant-roc-11-300x188.jpg 300w, https:\/\/fundacioateneusantroc.org\/wp-content\/uploads\/2026-fira-sant-roc-11-768x480.jpg 768w\" sizes=\"auto, (max-width: 1024px) 100vw, 1024px\" \/><\/figure>\n\n\n\n<figure class=\"wp-block-image size-large\"><img loading=\"lazy\" decoding=\"async\" width=\"1024\" height=\"640\" data-id=\"71756\" src=\"https:\/\/fundacioateneusantroc.org\/wp-content\/uploads\/2026-fira-sant-roc-17.jpg\" alt=\"\" class=\"wp-image-71756\" srcset=\"https:\/\/fundacioateneusantroc.org\/wp-content\/uploads\/2026-fira-sant-roc-17.jpg 1024w, https:\/\/fundacioateneusantroc.org\/wp-content\/uploads\/2026-fira-sant-roc-17-300x188.jpg 300w, https:\/\/fundacioateneusantroc.org\/wp-content\/uploads\/2026-fira-sant-roc-17-768x480.jpg 768w\" sizes=\"auto, (max-width: 1024px) 100vw, 1024px\" \/><\/figure>\n\n\n\n<figure class=\"wp-block-image size-large\"><img loading=\"lazy\" decoding=\"async\" width=\"1024\" height=\"640\" data-id=\"71770\" src=\"https:\/\/fundacioateneusantroc.org\/wp-content\/uploads\/2026-fira-sant-roc-24.jpg\" alt=\"\" class=\"wp-image-71770\" srcset=\"https:\/\/fundacioateneusantroc.org\/wp-content\/uploads\/2026-fira-sant-roc-24.jpg 1024w, https:\/\/fundacioateneusantroc.org\/wp-content\/uploads\/2026-fira-sant-roc-24-300x188.jpg 300w, https:\/\/fundacioateneusantroc.org\/wp-content\/uploads\/2026-fira-sant-roc-24-768x480.jpg 768w\" sizes=\"auto, (max-width: 1024px) 100vw, 1024px\" \/><\/figure>\n\n\n\n<figure class=\"wp-block-image size-large\"><img loading=\"lazy\" decoding=\"async\" width=\"1024\" height=\"640\" data-id=\"71758\" src=\"https:\/\/fundacioateneusantroc.org\/wp-content\/uploads\/2026-fira-sant-roc-18.jpg\" alt=\"\" class=\"wp-image-71758\" srcset=\"https:\/\/fundacioateneusantroc.org\/wp-content\/uploads\/2026-fira-sant-roc-18.jpg 1024w, https:\/\/fundacioateneusantroc.org\/wp-content\/uploads\/2026-fira-sant-roc-18-300x188.jpg 300w, https:\/\/fundacioateneusantroc.org\/wp-content\/uploads\/2026-fira-sant-roc-18-768x480.jpg 768w\" sizes=\"auto, (max-width: 1024px) 100vw, 1024px\" \/><\/figure>\n\n\n\n<figure class=\"wp-block-image size-large\"><img loading=\"lazy\" decoding=\"async\" width=\"1024\" height=\"640\" data-id=\"71768\" src=\"https:\/\/fundacioateneusantroc.org\/wp-content\/uploads\/2026-fira-sant-roc-23.jpg\" alt=\"\" class=\"wp-image-71768\" srcset=\"https:\/\/fundacioateneusantroc.org\/wp-content\/uploads\/2026-fira-sant-roc-23.jpg 1024w, https:\/\/fundacioateneusantroc.org\/wp-content\/uploads\/2026-fira-sant-roc-23-300x188.jpg 300w, https:\/\/fundacioateneusantroc.org\/wp-content\/uploads\/2026-fira-sant-roc-23-768x480.jpg 768w\" sizes=\"auto, (max-width: 1024px) 100vw, 1024px\" \/><\/figure>\n\n\n\n<figure class=\"wp-block-image size-large\"><img loading=\"lazy\" decoding=\"async\" width=\"1024\" height=\"640\" data-id=\"71764\" src=\"https:\/\/fundacioateneusantroc.org\/wp-content\/uploads\/2026-fira-sant-roc-21.jpg\" alt=\"\" class=\"wp-image-71764\" srcset=\"https:\/\/fundacioateneusantroc.org\/wp-content\/uploads\/2026-fira-sant-roc-21.jpg 1024w, https:\/\/fundacioateneusantroc.org\/wp-content\/uploads\/2026-fira-sant-roc-21-300x188.jpg 300w, https:\/\/fundacioateneusantroc.org\/wp-content\/uploads\/2026-fira-sant-roc-21-768x480.jpg 768w\" sizes=\"auto, (max-width: 1024px) 100vw, 1024px\" \/><\/figure>\n\n\n\n<figure class=\"wp-block-image size-large\"><img loading=\"lazy\" decoding=\"async\" width=\"1024\" height=\"640\" data-id=\"71762\" src=\"https:\/\/fundacioateneusantroc.org\/wp-content\/uploads\/2026-fira-sant-roc-20.jpg\" alt=\"\" class=\"wp-image-71762\" srcset=\"https:\/\/fundacioateneusantroc.org\/wp-content\/uploads\/2026-fira-sant-roc-20.jpg 1024w, https:\/\/fundacioateneusantroc.org\/wp-content\/uploads\/2026-fira-sant-roc-20-300x188.jpg 300w, https:\/\/fundacioateneusantroc.org\/wp-content\/uploads\/2026-fira-sant-roc-20-768x480.jpg 768w\" sizes=\"auto, (max-width: 1024px) 100vw, 1024px\" \/><\/figure>\n\n\n\n<figure class=\"wp-block-image size-large\"><img loading=\"lazy\" decoding=\"async\" width=\"1024\" height=\"640\" data-id=\"71766\" src=\"https:\/\/fundacioateneusantroc.org\/wp-content\/uploads\/2026-fira-sant-roc-22.jpg\" alt=\"\" class=\"wp-image-71766\" srcset=\"https:\/\/fundacioateneusantroc.org\/wp-content\/uploads\/2026-fira-sant-roc-22.jpg 1024w, https:\/\/fundacioateneusantroc.org\/wp-content\/uploads\/2026-fira-sant-roc-22-300x188.jpg 300w, https:\/\/fundacioateneusantroc.org\/wp-content\/uploads\/2026-fira-sant-roc-22-768x480.jpg 768w\" sizes=\"auto, (max-width: 1024px) 100vw, 1024px\" \/><\/figure>\n\n\n\n<figure class=\"wp-block-image size-large\"><img loading=\"lazy\" decoding=\"async\" width=\"1024\" height=\"640\" data-id=\"71780\" src=\"https:\/\/fundacioateneusantroc.org\/wp-content\/uploads\/2026-fira-sant-roc-29.jpg\" alt=\"\" class=\"wp-image-71780\" srcset=\"https:\/\/fundacioateneusantroc.org\/wp-content\/uploads\/2026-fira-sant-roc-29.jpg 1024w, https:\/\/fundacioateneusantroc.org\/wp-content\/uploads\/2026-fira-sant-roc-29-300x188.jpg 300w, https:\/\/fundacioateneusantroc.org\/wp-content\/uploads\/2026-fira-sant-roc-29-768x480.jpg 768w\" sizes=\"auto, (max-width: 1024px) 100vw, 1024px\" \/><\/figure>\n\n\n\n<figure class=\"wp-block-image size-large\"><img loading=\"lazy\" decoding=\"async\" width=\"1024\" height=\"640\" data-id=\"71774\" src=\"https:\/\/fundacioateneusantroc.org\/wp-content\/uploads\/2026-fira-sant-roc-26.jpg\" alt=\"\" class=\"wp-image-71774\" srcset=\"https:\/\/fundacioateneusantroc.org\/wp-content\/uploads\/2026-fira-sant-roc-26.jpg 1024w, https:\/\/fundacioateneusantroc.org\/wp-content\/uploads\/2026-fira-sant-roc-26-300x188.jpg 300w, https:\/\/fundacioateneusantroc.org\/wp-content\/uploads\/2026-fira-sant-roc-26-768x480.jpg 768w\" sizes=\"auto, (max-width: 1024px) 100vw, 1024px\" \/><\/figure>\n\n\n\n<figure class=\"wp-block-image size-large\"><img loading=\"lazy\" decoding=\"async\" width=\"1024\" height=\"640\" data-id=\"71784\" src=\"https:\/\/fundacioateneusantroc.org\/wp-content\/uploads\/2026-fira-sant-roc-31.jpg\" alt=\"\" class=\"wp-image-71784\" srcset=\"https:\/\/fundacioateneusantroc.org\/wp-content\/uploads\/2026-fira-sant-roc-31.jpg 1024w, https:\/\/fundacioateneusantroc.org\/wp-content\/uploads\/2026-fira-sant-roc-31-300x188.jpg 300w, https:\/\/fundacioateneusantroc.org\/wp-content\/uploads\/2026-fira-sant-roc-31-768x480.jpg 768w\" sizes=\"auto, (max-width: 1024px) 100vw, 1024px\" \/><\/figure>\n\n\n\n<figure class=\"wp-block-image size-large\"><img loading=\"lazy\" decoding=\"async\" width=\"1024\" height=\"640\" data-id=\"71776\" src=\"https:\/\/fundacioateneusantroc.org\/wp-content\/uploads\/2026-fira-sant-roc-27.jpg\" alt=\"\" class=\"wp-image-71776\" srcset=\"https:\/\/fundacioateneusantroc.org\/wp-content\/uploads\/2026-fira-sant-roc-27.jpg 1024w, https:\/\/fundacioateneusantroc.org\/wp-content\/uploads\/2026-fira-sant-roc-27-300x188.jpg 300w, https:\/\/fundacioateneusantroc.org\/wp-content\/uploads\/2026-fira-sant-roc-27-768x480.jpg 768w\" sizes=\"auto, (max-width: 1024px) 100vw, 1024px\" \/><\/figure>\n\n\n\n<figure class=\"wp-block-image size-full\"><img loading=\"lazy\" decoding=\"async\" width=\"1024\" height=\"640\" data-id=\"71728\" src=\"https:\/\/fundacioateneusantroc.org\/wp-content\/uploads\/2026-fira-sant-roc-03.jpg\" alt=\"\" class=\"wp-image-71728\" srcset=\"https:\/\/fundacioateneusantroc.org\/wp-content\/uploads\/2026-fira-sant-roc-03.jpg 1024w, https:\/\/fundacioateneusantroc.org\/wp-content\/uploads\/2026-fira-sant-roc-03-300x188.jpg 300w, https:\/\/fundacioateneusantroc.org\/wp-content\/uploads\/2026-fira-sant-roc-03-768x480.jpg 768w\" sizes=\"auto, (max-width: 1024px) 100vw, 1024px\" \/><\/figure>\n\n\n\n<figure class=\"wp-block-image size-large\"><img loading=\"lazy\" decoding=\"async\" width=\"1024\" height=\"640\" data-id=\"71830\" src=\"https:\/\/fundacioateneusantroc.org\/wp-content\/uploads\/2026-fira-sant-roc-02.jpg\" alt=\"\" class=\"wp-image-71830\" srcset=\"https:\/\/fundacioateneusantroc.org\/wp-content\/uploads\/2026-fira-sant-roc-02.jpg 1024w, https:\/\/fundacioateneusantroc.org\/wp-content\/uploads\/2026-fira-sant-roc-02-300x188.jpg 300w, https:\/\/fundacioateneusantroc.org\/wp-content\/uploads\/2026-fira-sant-roc-02-768x480.jpg 768w\" sizes=\"auto, (max-width: 1024px) 100vw, 1024px\" \/><\/figure>\n\n\n\n<figure class=\"wp-block-image size-large\"><img loading=\"lazy\" decoding=\"async\" width=\"1024\" height=\"640\" data-id=\"71786\" src=\"https:\/\/fundacioateneusantroc.org\/wp-content\/uploads\/2026-fira-sant-roc-32.jpg\" alt=\"\" class=\"wp-image-71786\" srcset=\"https:\/\/fundacioateneusantroc.org\/wp-content\/uploads\/2026-fira-sant-roc-32.jpg 1024w, https:\/\/fundacioateneusantroc.org\/wp-content\/uploads\/2026-fira-sant-roc-32-300x188.jpg 300w, https:\/\/fundacioateneusantroc.org\/wp-content\/uploads\/2026-fira-sant-roc-32-768x480.jpg 768w\" sizes=\"auto, (max-width: 1024px) 100vw, 1024px\" \/><\/figure>\n\n\n\n<figure class=\"wp-block-image size-large\"><img loading=\"lazy\" decoding=\"async\" width=\"1024\" height=\"640\" data-id=\"71814\" src=\"https:\/\/fundacioateneusantroc.org\/wp-content\/uploads\/2026-fira-sant-roc-48.jpg\" alt=\"\" class=\"wp-image-71814\" srcset=\"https:\/\/fundacioateneusantroc.org\/wp-content\/uploads\/2026-fira-sant-roc-48.jpg 1024w, https:\/\/fundacioateneusantroc.org\/wp-content\/uploads\/2026-fira-sant-roc-48-300x188.jpg 300w, https:\/\/fundacioateneusantroc.org\/wp-content\/uploads\/2026-fira-sant-roc-48-768x480.jpg 768w\" sizes=\"auto, (max-width: 1024px) 100vw, 1024px\" \/><\/figure>\n\n\n\n<figure class=\"wp-block-image size-large\"><img loading=\"lazy\" decoding=\"async\" width=\"1024\" height=\"640\" data-id=\"71816\" src=\"https:\/\/fundacioateneusantroc.org\/wp-content\/uploads\/2026-fira-sant-roc-49.jpg\" alt=\"\" class=\"wp-image-71816\" srcset=\"https:\/\/fundacioateneusantroc.org\/wp-content\/uploads\/2026-fira-sant-roc-49.jpg 1024w, https:\/\/fundacioateneusantroc.org\/wp-content\/uploads\/2026-fira-sant-roc-49-300x188.jpg 300w, https:\/\/fundacioateneusantroc.org\/wp-content\/uploads\/2026-fira-sant-roc-49-768x480.jpg 768w\" sizes=\"auto, (max-width: 1024px) 100vw, 1024px\" \/><\/figure>\n\n\n\n<figure class=\"wp-block-image size-large\"><img loading=\"lazy\" decoding=\"async\" width=\"1024\" height=\"640\" data-id=\"71782\" src=\"https:\/\/fundacioateneusantroc.org\/wp-content\/uploads\/2026-fira-sant-roc-30.jpg\" alt=\"\" class=\"wp-image-71782\" srcset=\"https:\/\/fundacioateneusantroc.org\/wp-content\/uploads\/2026-fira-sant-roc-30.jpg 1024w, https:\/\/fundacioateneusantroc.org\/wp-content\/uploads\/2026-fira-sant-roc-30-300x188.jpg 300w, https:\/\/fundacioateneusantroc.org\/wp-content\/uploads\/2026-fira-sant-roc-30-768x480.jpg 768w\" sizes=\"auto, (max-width: 1024px) 100vw, 1024px\" \/><\/figure>\n\n\n\n<figure class=\"wp-block-image size-large\"><img loading=\"lazy\" decoding=\"async\" width=\"1024\" height=\"640\" data-id=\"71792\" src=\"https:\/\/fundacioateneusantroc.org\/wp-content\/uploads\/2026-fira-sant-roc-35.jpg\" alt=\"\" class=\"wp-image-71792\" srcset=\"https:\/\/fundacioateneusantroc.org\/wp-content\/uploads\/2026-fira-sant-roc-35.jpg 1024w, https:\/\/fundacioateneusantroc.org\/wp-content\/uploads\/2026-fira-sant-roc-35-300x188.jpg 300w, https:\/\/fundacioateneusantroc.org\/wp-content\/uploads\/2026-fira-sant-roc-35-768x480.jpg 768w\" sizes=\"auto, (max-width: 1024px) 100vw, 1024px\" \/><\/figure>\n\n\n\n<figure class=\"wp-block-image size-large\"><img loading=\"lazy\" decoding=\"async\" width=\"1024\" height=\"640\" data-id=\"71790\" src=\"https:\/\/fundacioateneusantroc.org\/wp-content\/uploads\/2026-fira-sant-roc-34.jpg\" alt=\"\" class=\"wp-image-71790\" srcset=\"https:\/\/fundacioateneusantroc.org\/wp-content\/uploads\/2026-fira-sant-roc-34.jpg 1024w, https:\/\/fundacioateneusantroc.org\/wp-content\/uploads\/2026-fira-sant-roc-34-300x188.jpg 300w, https:\/\/fundacioateneusantroc.org\/wp-content\/uploads\/2026-fira-sant-roc-34-768x480.jpg 768w\" sizes=\"auto, (max-width: 1024px) 100vw, 1024px\" \/><\/figure>\n\n\n\n<figure class=\"wp-block-image size-large\"><img loading=\"lazy\" decoding=\"async\" width=\"1024\" height=\"640\" data-id=\"71778\" src=\"https:\/\/fundacioateneusantroc.org\/wp-content\/uploads\/2026-fira-sant-roc-28.jpg\" alt=\"\" class=\"wp-image-71778\" srcset=\"https:\/\/fundacioateneusantroc.org\/wp-content\/uploads\/2026-fira-sant-roc-28.jpg 1024w, https:\/\/fundacioateneusantroc.org\/wp-content\/uploads\/2026-fira-sant-roc-28-300x188.jpg 300w, https:\/\/fundacioateneusantroc.org\/wp-content\/uploads\/2026-fira-sant-roc-28-768x480.jpg 768w\" sizes=\"auto, (max-width: 1024px) 100vw, 1024px\" \/><\/figure>\n\n\n\n<figure class=\"wp-block-image size-large\"><img loading=\"lazy\" decoding=\"async\" width=\"1024\" height=\"640\" data-id=\"71818\" src=\"https:\/\/fundacioateneusantroc.org\/wp-content\/uploads\/2026-fira-sant-roc-50.jpg\" alt=\"\" class=\"wp-image-71818\" srcset=\"https:\/\/fundacioateneusantroc.org\/wp-content\/uploads\/2026-fira-sant-roc-50.jpg 1024w, https:\/\/fundacioateneusantroc.org\/wp-content\/uploads\/2026-fira-sant-roc-50-300x188.jpg 300w, https:\/\/fundacioateneusantroc.org\/wp-content\/uploads\/2026-fira-sant-roc-50-768x480.jpg 768w\" sizes=\"auto, (max-width: 1024px) 100vw, 1024px\" \/><\/figure>\n\n\n\n<figure class=\"wp-block-image size-large\"><img loading=\"lazy\" decoding=\"async\" width=\"1024\" height=\"640\" data-id=\"71812\" src=\"https:\/\/fundacioateneusantroc.org\/wp-content\/uploads\/2026-fira-sant-roc-47.jpg\" alt=\"\" class=\"wp-image-71812\" srcset=\"https:\/\/fundacioateneusantroc.org\/wp-content\/uploads\/2026-fira-sant-roc-47.jpg 1024w, https:\/\/fundacioateneusantroc.org\/wp-content\/uploads\/2026-fira-sant-roc-47-300x188.jpg 300w, https:\/\/fundacioateneusantroc.org\/wp-content\/uploads\/2026-fira-sant-roc-47-768x480.jpg 768w\" sizes=\"auto, (max-width: 1024px) 100vw, 1024px\" \/><\/figure>\n\n\n\n<figure class=\"wp-block-image size-large\"><img loading=\"lazy\" decoding=\"async\" width=\"1024\" height=\"640\" data-id=\"71730\" src=\"https:\/\/fundacioateneusantroc.org\/wp-content\/uploads\/2026-fira-sant-roc-04.jpg\" alt=\"\" class=\"wp-image-71730\" srcset=\"https:\/\/fundacioateneusantroc.org\/wp-content\/uploads\/2026-fira-sant-roc-04.jpg 1024w, https:\/\/fundacioateneusantroc.org\/wp-content\/uploads\/2026-fira-sant-roc-04-300x188.jpg 300w, https:\/\/fundacioateneusantroc.org\/wp-content\/uploads\/2026-fira-sant-roc-04-768x480.jpg 768w\" sizes=\"auto, (max-width: 1024px) 100vw, 1024px\" \/><\/figure>\n\n\n\n<figure class=\"wp-block-image size-large\"><img loading=\"lazy\" decoding=\"async\" width=\"1024\" height=\"640\" data-id=\"71836\" src=\"https:\/\/fundacioateneusantroc.org\/wp-content\/uploads\/2026-fira-sant-roc-56.jpg\" alt=\"\" class=\"wp-image-71836\" srcset=\"https:\/\/fundacioateneusantroc.org\/wp-content\/uploads\/2026-fira-sant-roc-56.jpg 1024w, https:\/\/fundacioateneusantroc.org\/wp-content\/uploads\/2026-fira-sant-roc-56-300x188.jpg 300w, https:\/\/fundacioateneusantroc.org\/wp-content\/uploads\/2026-fira-sant-roc-56-768x480.jpg 768w\" sizes=\"auto, (max-width: 1024px) 100vw, 1024px\" \/><\/figure>\n\n\n\n<figure class=\"wp-block-image size-large\"><img loading=\"lazy\" decoding=\"async\" width=\"1024\" height=\"640\" data-id=\"71808\" src=\"https:\/\/fundacioateneusantroc.org\/wp-content\/uploads\/2026-fira-sant-roc-45.jpg\" alt=\"\" class=\"wp-image-71808\" srcset=\"https:\/\/fundacioateneusantroc.org\/wp-content\/uploads\/2026-fira-sant-roc-45.jpg 1024w, https:\/\/fundacioateneusantroc.org\/wp-content\/uploads\/2026-fira-sant-roc-45-300x188.jpg 300w, https:\/\/fundacioateneusantroc.org\/wp-content\/uploads\/2026-fira-sant-roc-45-768x480.jpg 768w\" sizes=\"auto, (max-width: 1024px) 100vw, 1024px\" \/><\/figure>\n\n\n\n<figure class=\"wp-block-image size-large\"><img loading=\"lazy\" decoding=\"async\" width=\"1024\" height=\"640\" data-id=\"71788\" src=\"https:\/\/fundacioateneusantroc.org\/wp-content\/uploads\/2026-fira-sant-roc-33.jpg\" alt=\"\" class=\"wp-image-71788\" srcset=\"https:\/\/fundacioateneusantroc.org\/wp-content\/uploads\/2026-fira-sant-roc-33.jpg 1024w, https:\/\/fundacioateneusantroc.org\/wp-content\/uploads\/2026-fira-sant-roc-33-300x188.jpg 300w, https:\/\/fundacioateneusantroc.org\/wp-content\/uploads\/2026-fira-sant-roc-33-768x480.jpg 768w\" sizes=\"auto, (max-width: 1024px) 100vw, 1024px\" \/><\/figure>\n\n\n\n<figure class=\"wp-block-image size-large\"><img loading=\"lazy\" decoding=\"async\" width=\"1024\" height=\"640\" data-id=\"71826\" src=\"https:\/\/fundacioateneusantroc.org\/wp-content\/uploads\/2026-fira-sant-roc-54.jpg\" alt=\"\" class=\"wp-image-71826\" srcset=\"https:\/\/fundacioateneusantroc.org\/wp-content\/uploads\/2026-fira-sant-roc-54.jpg 1024w, https:\/\/fundacioateneusantroc.org\/wp-content\/uploads\/2026-fira-sant-roc-54-300x188.jpg 300w, https:\/\/fundacioateneusantroc.org\/wp-content\/uploads\/2026-fira-sant-roc-54-768x480.jpg 768w\" sizes=\"auto, (max-width: 1024px) 100vw, 1024px\" \/><\/figure>\n\n\n\n<figure class=\"wp-block-image size-large\"><img loading=\"lazy\" decoding=\"async\" width=\"1024\" height=\"640\" data-id=\"71820\" src=\"https:\/\/fundacioateneusantroc.org\/wp-content\/uploads\/2026-fira-sant-roc-51.jpg\" alt=\"\" class=\"wp-image-71820\" srcset=\"https:\/\/fundacioateneusantroc.org\/wp-content\/uploads\/2026-fira-sant-roc-51.jpg 1024w, https:\/\/fundacioateneusantroc.org\/wp-content\/uploads\/2026-fira-sant-roc-51-300x188.jpg 300w, https:\/\/fundacioateneusantroc.org\/wp-content\/uploads\/2026-fira-sant-roc-51-768x480.jpg 768w\" sizes=\"auto, (max-width: 1024px) 100vw, 1024px\" \/><\/figure>\n\n\n\n<figure class=\"wp-block-image size-large\"><img loading=\"lazy\" decoding=\"async\" width=\"1024\" height=\"640\" data-id=\"71824\" src=\"https:\/\/fundacioateneusantroc.org\/wp-content\/uploads\/2026-fira-sant-roc-53.jpg\" alt=\"\" class=\"wp-image-71824\" srcset=\"https:\/\/fundacioateneusantroc.org\/wp-content\/uploads\/2026-fira-sant-roc-53.jpg 1024w, https:\/\/fundacioateneusantroc.org\/wp-content\/uploads\/2026-fira-sant-roc-53-300x188.jpg 300w, https:\/\/fundacioateneusantroc.org\/wp-content\/uploads\/2026-fira-sant-roc-53-768x480.jpg 768w\" sizes=\"auto, (max-width: 1024px) 100vw, 1024px\" \/><\/figure>\n\n\n\n<figure class=\"wp-block-image size-large\"><img loading=\"lazy\" decoding=\"async\" width=\"1024\" height=\"640\" data-id=\"71736\" src=\"https:\/\/fundacioateneusantroc.org\/wp-content\/uploads\/2026-fira-sant-roc-07.jpg\" alt=\"\" class=\"wp-image-71736\" srcset=\"https:\/\/fundacioateneusantroc.org\/wp-content\/uploads\/2026-fira-sant-roc-07.jpg 1024w, https:\/\/fundacioateneusantroc.org\/wp-content\/uploads\/2026-fira-sant-roc-07-300x188.jpg 300w, https:\/\/fundacioateneusantroc.org\/wp-content\/uploads\/2026-fira-sant-roc-07-768x480.jpg 768w\" sizes=\"auto, (max-width: 1024px) 100vw, 1024px\" \/><\/figure>\n\n\n\n<figure class=\"wp-block-image size-large\"><img loading=\"lazy\" decoding=\"async\" width=\"1024\" height=\"640\" data-id=\"71834\" src=\"https:\/\/fundacioateneusantroc.org\/wp-content\/uploads\/2026-fira-sant-roc-00.jpg\" alt=\"\" class=\"wp-image-71834\" srcset=\"https:\/\/fundacioateneusantroc.org\/wp-content\/uploads\/2026-fira-sant-roc-00.jpg 1024w, https:\/\/fundacioateneusantroc.org\/wp-content\/uploads\/2026-fira-sant-roc-00-300x188.jpg 300w, https:\/\/fundacioateneusantroc.org\/wp-content\/uploads\/2026-fira-sant-roc-00-768x480.jpg 768w\" sizes=\"auto, (max-width: 1024px) 100vw, 1024px\" \/><\/figure>\n<\/figure>\n","protected":false},"excerpt":{"rendered":"<p>El dia de la Fira de Sant Roc \u00e9s un dia especial, una data ben assenyalada [&hellip;]<\/p>\n","protected":false},"author":2,"featured_media":71806,"comment_status":"open","ping_status":"open","sticky":false,"template":"","format":"standard","meta":{"footnotes":""},"categories":[1],"tags":[41,734,1366,35],"class_list":["post-71683","post","type-post","status-publish","format-standard","has-post-thumbnail","hentry","category-actualitat","tag-cohesio-social","tag-dinamitzacio-sociocultural","tag-festes-de-primavera","tag-fira-de-sant-roc"],"_links":{"self":[{"href":"https:\/\/fundacioateneusantroc.org\/es\/wp-json\/wp\/v2\/posts\/71683","targetHints":{"allow":["GET"]}}],"collection":[{"href":"https:\/\/fundacioateneusantroc.org\/es\/wp-json\/wp\/v2\/posts"}],"about":[{"href":"https:\/\/fundacioateneusantroc.org\/es\/wp-json\/wp\/v2\/types\/post"}],"author":[{"embeddable":true,"href":"https:\/\/fundacioateneusantroc.org\/es\/wp-json\/wp\/v2\/users\/2"}],"replies":[{"embeddable":true,"href":"https:\/\/fundacioateneusantroc.org\/es\/wp-json\/wp\/v2\/comments?post=71683"}],"version-history":[{"count":12,"href":"https:\/\/fundacioateneusantroc.org\/es\/wp-json\/wp\/v2\/posts\/71683\/revisions"}],"predecessor-version":[{"id":71864,"href":"https:\/\/fundacioateneusantroc.org\/es\/wp-json\/wp\/v2\/posts\/71683\/revisions\/71864"}],"wp:featuredmedia":[{"embeddable":true,"href":"https:\/\/fundacioateneusantroc.org\/es\/wp-json\/wp\/v2\/media\/71806"}],"wp:attachment":[{"href":"https:\/\/fundacioateneusantroc.org\/es\/wp-json\/wp\/v2\/media?parent=71683"}],"wp:term":[{"taxonomy":"category","embeddable":true,"href":"https:\/\/fundacioateneusantroc.org\/es\/wp-json\/wp\/v2\/categories?post=71683"},{"taxonomy":"post_tag","embeddable":true,"href":"https:\/\/fundacioateneusantroc.org\/es\/wp-json\/wp\/v2\/tags?post=71683"}],"curies":[{"name":"wp","href":"https:\/\/api.w.org\/{rel}","templated":true}]}}