{"id":71882,"date":"2026-06-10T23:00:00","date_gmt":"2026-06-10T21:00:00","guid":{"rendered":"https:\/\/fundacioateneusantroc.org\/?p=71882"},"modified":"2026-07-30T11:03:44","modified_gmt":"2026-07-30T09:03:44","slug":"la-fundacio-ateneu-sant-roc-referent-daccio-comunitaria-durant-la-visita-de-robert-prevost","status":"publish","type":"post","link":"https:\/\/fundacioateneusantroc.org\/es\/la-fundacio-ateneu-sant-roc-referent-daccio-comunitaria-durant-la-visita-de-robert-prevost\/","title":{"rendered":"La Fundaci\u00f3 Ateneu Sant Roc, referent d\u2019acci\u00f3 comunit\u00e0ria durant la visita de Robert Prevost\u00a0"},"content":{"rendered":"\n<h4 class=\"wp-block-heading\">Premsa especial Papa 2026<\/h4>\n\n\n\n<p>En el marc de la visita del papa Lle\u00f3 XIV a Barcelona, diversos mitjans de comunicaci\u00f3 s&#8217;han interessat per les persones i entitats que l&#8217;han conegut personalment. Entre aquestes experi\u00e8ncies, destaca la visita que Robert Prevost va fer a la parr\u00f2quia de Sant Roc quan era general de l\u2019orde de Sant Agust\u00ed. <\/p>\n\n\n\n<p>Durant aquella trobada amb moss\u00e8n Felipe Guerrero, Prevost va poder con\u00e8ixer de primera m\u00e0 la tasca social, educativa i comunit\u00e0ria que impulsa la Fundaci\u00f3 Ateneu Sant Roc al barri. Una experi\u00e8ncia que el va impressionar profundament i que no va dubtar a posar en valor.<\/p>\n\n\n\n<p>Us deixem aquest recull de not\u00edcies i v\u00eddeos que ens han publicat. Hi sou plenament convidats\u2026 i en formeu part.<\/p>\n\n\n\n<div class=\"wp-block-columns is-layout-flex wp-container-core-columns-is-layout-9d6595d7 wp-block-columns-is-layout-flex\">\n<div class=\"wp-block-column is-layout-flow wp-block-column-is-layout-flow\">\n<figure class=\"wp-block-embed is-type-video is-provider-youtube wp-block-embed-youtube wp-embed-aspect-16-9 wp-has-aspect-ratio\"><div class=\"wp-block-embed__wrapper\">\n<iframe loading=\"lazy\" title=\"Visita de Lleo\u0301 XIV i Sant Roc RTVE Catalunya\" width=\"500\" height=\"281\" src=\"https:\/\/www.youtube.com\/embed\/1HhY0PnHSwU?feature=oembed\" frameborder=\"0\" allow=\"accelerometer; autoplay; clipboard-write; encrypted-media; gyroscope; picture-in-picture; web-share\" referrerpolicy=\"strict-origin-when-cross-origin\" allowfullscreen><\/iframe>\n<\/div><figcaption class=\"wp-element-caption\"><strong>RTVE \u00b7 Informatius-Catalunya L&#8217;Informatiu \u00b7 <\/strong>Alicia Berjano i Xavier Llorca (publicat <a href=\"https:\/\/www.rtve.es\/play\/videos\/linformatiu\/empremta-lleo-xiv-barri-sant-roc-badalona-abans-ser-papa\/17049320\/\" target=\"_blank\" rel=\"noopener\">aqu\u00ed<\/a>)<\/figcaption><\/figure>\n<\/div>\n\n\n\n<div class=\"wp-block-column is-layout-flow wp-block-column-is-layout-flow\">\n<figure class=\"wp-block-embed is-type-video is-provider-youtube wp-block-embed-youtube wp-embed-aspect-16-9 wp-has-aspect-ratio\"><div class=\"wp-block-embed__wrapper\">\n<iframe loading=\"lazy\" title=\"La Xarxa \u00b7 Ateneu Sant Roc\" width=\"500\" height=\"281\" src=\"https:\/\/www.youtube.com\/embed\/5yHj4txdl9Y?feature=oembed\" frameborder=\"0\" allow=\"accelerometer; autoplay; clipboard-write; encrypted-media; gyroscope; picture-in-picture; web-share\" referrerpolicy=\"strict-origin-when-cross-origin\" allowfullscreen><\/iframe>\n<\/div><figcaption class=\"wp-element-caption\"><strong>La Xarxa \u00b7 VIA 15 \u00b7 <\/strong>Vanessa Raja<\/figcaption><\/figure>\n<\/div>\n<\/div>\n\n\n\n<div class=\"wp-block-columns is-layout-flex wp-container-core-columns-is-layout-9d6595d7 wp-block-columns-is-layout-flex\">\n<div class=\"wp-block-column is-layout-flow wp-block-column-is-layout-flow\">\n<figure class=\"wp-block-embed is-type-video is-provider-youtube wp-block-embed-youtube wp-embed-aspect-16-9 wp-has-aspect-ratio\"><div class=\"wp-block-embed__wrapper\">\n<iframe loading=\"lazy\" title=\"Visita Lleo\u0301 XIV i Sant Roc \u00b7 Betev\u00e9\" width=\"500\" height=\"281\" src=\"https:\/\/www.youtube.com\/embed\/RiF7YVB7neA?feature=oembed\" frameborder=\"0\" allow=\"accelerometer; autoplay; clipboard-write; encrypted-media; gyroscope; picture-in-picture; web-share\" referrerpolicy=\"strict-origin-when-cross-origin\" allowfullscreen><\/iframe>\n<\/div><figcaption class=\"wp-element-caption\"><strong>Betev\u00e9 \u00b7 <\/strong>Guillem Mart\u00ednez (publicat <a href=\"https:\/\/beteve.cat\/societat\/visita-papa-barri-humil-badalona-elogi-laics\/\" target=\"_blank\" rel=\"noopener\">aqu\u00ed<\/a>)<\/figcaption><\/figure>\n<\/div>\n\n\n\n<div class=\"wp-block-column is-layout-flow wp-block-column-is-layout-flow\">\n<figure class=\"wp-block-embed is-type-video is-provider-youtube wp-block-embed-youtube wp-embed-aspect-16-9 wp-has-aspect-ratio\"><div class=\"wp-block-embed__wrapper\">\n<iframe loading=\"lazy\" title=\"Visita de Lleo\u0301 XIV i Sant Roc TV3 \u00b7 Tot es mou\" width=\"500\" height=\"281\" src=\"https:\/\/www.youtube.com\/embed\/Cbg6GO6YHo4?feature=oembed\" frameborder=\"0\" allow=\"accelerometer; autoplay; clipboard-write; encrypted-media; gyroscope; picture-in-picture; web-share\" referrerpolicy=\"strict-origin-when-cross-origin\" allowfullscreen><\/iframe>\n<\/div><figcaption class=\"wp-element-caption\"><strong>TV3 \u00b7 <\/strong>Tot es mou \u00b7 Helena Garc\u00eda Melero \u00b7  Olma Gir\u00f3 i Elena Serra (publicat <a href=\"https:\/\/www.3cat.cat\/3cat\/el-papa-lleo-xix-i-la-seva-relacio-amb-el-barri-de-sant-roc-de-badalona\/video\/6409446\/\" target=\"_blank\" rel=\"noopener\">aqu\u00ed<\/a>)<\/figcaption><\/figure>\n<\/div>\n<\/div>\n\n\n\n<div class=\"wp-block-columns is-layout-flex wp-container-core-columns-is-layout-9d6595d7 wp-block-columns-is-layout-flex\">\n<div class=\"wp-block-column is-layout-flow wp-block-column-is-layout-flow\">\n<figure class=\"wp-block-embed is-type-video is-provider-youtube wp-block-embed-youtube wp-embed-aspect-16-9 wp-has-aspect-ratio\"><div class=\"wp-block-embed__wrapper\">\n<iframe loading=\"lazy\" title=\"Visita de Lleo\u0301 XIV i Sant Roc TV3 \u00b7 Informatius\" width=\"500\" height=\"281\" src=\"https:\/\/www.youtube.com\/embed\/Zqc1BJl-niw?feature=oembed\" frameborder=\"0\" allow=\"accelerometer; autoplay; clipboard-write; encrypted-media; gyroscope; picture-in-picture; web-share\" referrerpolicy=\"strict-origin-when-cross-origin\" allowfullscreen><\/iframe>\n<\/div><figcaption class=\"wp-element-caption\"><strong>TV3 \u00b7 <\/strong>Informatius \u00b7 Mireia Prats<\/figcaption><\/figure>\n<\/div>\n\n\n\n<div class=\"wp-block-column is-layout-flow wp-block-column-is-layout-flow\">\n<figure class=\"wp-block-embed is-type-video is-provider-youtube wp-block-embed-youtube wp-embed-aspect-16-9 wp-has-aspect-ratio\"><div class=\"wp-block-embed__wrapper\">\n<iframe loading=\"lazy\" title=\"Visita Lleo\u0301 XIV i Sant Roc RTVE Catalunya \u00b7 Segon cafe\u0300\" width=\"500\" height=\"281\" src=\"https:\/\/www.youtube.com\/embed\/BN4KcXaaqA0?feature=oembed\" frameborder=\"0\" allow=\"accelerometer; autoplay; clipboard-write; encrypted-media; gyroscope; picture-in-picture; web-share\" referrerpolicy=\"strict-origin-when-cross-origin\" allowfullscreen><\/iframe>\n<\/div><figcaption class=\"wp-element-caption\"><strong>RTVE Catalunya \u00b7 <\/strong>Segon caf\u00e8 \u00b7 Elisabet Cortiles (publicat <a href=\"https:\/\/www.rtve.es\/play\/videos\/el-segon-cafe\/segona-jornada-visita-papa-lleo-xiv-catalunya\/17109266\/\" target=\"_blank\" rel=\"noopener\">aqu\u00ed<\/a>)<\/figcaption><\/figure>\n<\/div>\n<\/div>\n\n\n\n<div class=\"wp-block-columns is-layout-flex wp-container-core-columns-is-layout-9d6595d7 wp-block-columns-is-layout-flex\">\n<div class=\"wp-block-column is-layout-flow wp-block-column-is-layout-flow\">\n<figure class=\"wp-block-embed is-type-video is-provider-youtube wp-block-embed-youtube wp-embed-aspect-16-9 wp-has-aspect-ratio\"><div class=\"wp-block-embed__wrapper\">\n<iframe loading=\"lazy\" title=\"Visita de Lleo\u0301 XIV i Sant Roc \u00b7 Via 15\" width=\"500\" height=\"281\" src=\"https:\/\/www.youtube.com\/embed\/QcBLsr2gyL8?feature=oembed\" frameborder=\"0\" allow=\"accelerometer; autoplay; clipboard-write; encrypted-media; gyroscope; picture-in-picture; web-share\" referrerpolicy=\"strict-origin-when-cross-origin\" allowfullscreen><\/iframe>\n<\/div><figcaption class=\"wp-element-caption\"><strong>La Xarxa \u00b7 VIA 15 \u00b7 <\/strong> \u00c0lex Sis\u00f3<\/figcaption><\/figure>\n<\/div>\n\n\n\n<div class=\"wp-block-column is-layout-flow wp-block-column-is-layout-flow\">\n<figure class=\"wp-block-embed is-type-video is-provider-youtube wp-block-embed-youtube wp-embed-aspect-16-9 wp-has-aspect-ratio\"><div class=\"wp-block-embed__wrapper\">\n<iframe loading=\"lazy\" title=\"Visita de Lleo\u0301 XIV i Sant Roc \u00b7 La Xarxa\" width=\"500\" height=\"281\" src=\"https:\/\/www.youtube.com\/embed\/7VJssViBwnI?feature=oembed\" frameborder=\"0\" allow=\"accelerometer; autoplay; clipboard-write; encrypted-media; gyroscope; picture-in-picture; web-share\" referrerpolicy=\"strict-origin-when-cross-origin\" allowfullscreen><\/iframe>\n<\/div><figcaption class=\"wp-element-caption\"><strong>La Xarxa \u00b7 <\/strong>Informatius \u00b7 Helena Puigdueta<\/figcaption><\/figure>\n<\/div>\n<\/div>\n\n\n\n<p><strong>El Peri\u00f3dico<\/strong> \u00b7 Helena L\u00f3pez (9\/05\/2026)<br><a href=\"https:\/\/fundacioateneusantroc.org\/wp-content\/uploads\/2026-papa-el-periodico-3.jpg\" target=\"_blank\" rel=\"noreferrer noopener\">El comprom\u00eds amb Sant Roc<\/a><\/p>\n\n\n\n<p><strong>Regi\u00f37<\/strong> \u00b7 Helena L\u00f3pez (9\/05\/2026)<br><a href=\"https:\/\/www.regio7.cat\/societat\/2026\/05\/09\/compromis-amb-sant-roc-130024483.html\" target=\"_blank\" rel=\"noreferrer noopener\">El comprom\u00eds amb Sant Roc<\/a><\/p>\n\n\n\n<p><strong>Diari de Girona <\/strong>\u00b7 Helena L\u00f3pez (9\/05\/2026)<br><a href=\"https:\/\/www.diaridegirona.cat\/societat\/2026\/05\/09\/compromis-amb-sant-roc-130024481.html?utm_campaign=mrf-facebook-diaridegirona.cat&amp;mrfcid=2026050969fc46824c77262e88074115&amp;fbclid=IwY2xjawRtOhVleHRuA2FlbQIxMQBicmlkETB6RThWQ0RjOXRSd1lxZjVzc3J0YwZhcHBfaWQQMjIyMDM5MTc4ODIwMDg5MgABHqafHW64JQrqBMnNvU8VMLaI5RbnSXX99ZDC_V0I4kGbkzVpfpFTyXiSBWN-_aem_-4Vb60jRlK8DeHvR-bC0jA\" target=\"_blank\" rel=\"noreferrer noopener\">El comprom\u00eds amb Sant Roc<\/a><\/p>\n\n\n\n<p><strong>Ag\u00e8ncia Catalana de Not\u00edcies <\/strong>\u00b7 Jordi Pujolar (25\/05\/2026)<br><a href=\"https:\/\/www.acn.cat\/new\/la-fundacio-ateneu-sant-roc-de-badalona-un-exemple-laic-per-a-lleo-xiv\/texts\" target=\"_blank\" rel=\"noopener\">La Fundaci\u00f3 Ateneu Sant Roc de Badalona, un &#8220;exemple laic&#8221; per a Lle\u00f3 XIV<\/a><\/p>\n\n\n\n<p><strong>El Pais<\/strong> \u00b7 Jordi Amat (31\/05\/2026)<br><a href=\"https:\/\/fundacioateneusantroc.org\/wp-content\/uploads\/2026-papa-el-pais.jpeg\">Derecho a la esperanza \u00b7 <em>Donde la pol\u00edtica no llega, hay ciudadanos que encarnan la dimensi\u00f3n \u00e9tica de la democracia<\/em><\/a><\/p>\n\n\n\n<p><strong>Diari de Catalunya<\/strong> \u00b7 Pere Roca Soler (31\/05\/2026)<br><a href=\"https:\/\/diaricatalunya.cat\/barcelones\/general\/lateneu-sant-roc-de-badalona-un-oasi-de-transformacio-social-visitat-pel-papa\" target=\"_blank\" rel=\"noopener\">L&#8217;Ateneu Sant Roc de Badalona, un oasi de transformaci\u00f3 social visitat pel Papa<\/a><\/p>\n\n\n\n<p><strong>RTVE<\/strong> \u00b7 Mar\u00eda Bosch (2\/06\/2026)<br><a href=\"https:\/\/www.rtve.es\/catalunya\/noticies\/20260602\/els-agustins-esperen-amb-expectacio-larribada-lleo-xiv\/17095561.shtml\" target=\"_blank\" rel=\"noopener\">Els agustins esperen amb expectaci\u00f3 l&#8217;arribada de Lle\u00f3 XIV<\/a><\/p>\n\n\n\n<p><strong>Flama <\/strong>(Ag\u00e8ncia cristiana de not\u00edcies) (5\/062026)<br><a href=\"https:\/\/www.agenciaflama.cat\/personalitats-catalanes-benvinguda-papa\/\" target=\"_blank\" rel=\"noopener\">Una vuitantena de personalitats i entitats catalanes donen la benvinguda al Papa davant la seva imminent visita<\/a><\/p>\n\n\n\n<p><strong>Badalona Comunicaci\u00f3<\/strong> \u00b7 Susana Soldado C\u00e1diz (8\/06\/2026)<br><a href=\"https:\/\/www.bdncom.cat\/ca\/lateneu-de-sant-roc-entre-les-entitats-que-rebra-el-papa-lleo-xiv-a-barcelona\" target=\"_blank\" rel=\"noopener\">L\u2019Ateneu de Sant Roc, entre les entitats que rebr\u00e0 el papa Lle\u00f3 XIV a Barcelona<\/a><\/p>\n\n\n\n<figure class=\"wp-block-image size-full\"><img loading=\"lazy\" decoding=\"async\" width=\"1024\" height=\"640\" src=\"https:\/\/fundacioateneusantroc.org\/wp-content\/uploads\/2026-papa-felipe.jpg\" alt=\"\" class=\"wp-image-72441\" srcset=\"https:\/\/fundacioateneusantroc.org\/wp-content\/uploads\/2026-papa-felipe.jpg 1024w, https:\/\/fundacioateneusantroc.org\/wp-content\/uploads\/2026-papa-felipe-300x188.jpg 300w, https:\/\/fundacioateneusantroc.org\/wp-content\/uploads\/2026-papa-felipe-768x480.jpg 768w\" sizes=\"auto, (max-width: 1024px) 100vw, 1024px\" \/><figcaption class=\"wp-element-caption\">Felipe Guerrero amb Lle\u00f3 XIV<\/figcaption><\/figure>\n\n\n\n<figure class=\"wp-block-image size-full\"><img loading=\"lazy\" decoding=\"async\" width=\"1024\" height=\"640\" src=\"https:\/\/fundacioateneusantroc.org\/wp-content\/uploads\/2026-papa-salva-lluis.jpg\" alt=\"\" class=\"wp-image-72443\" srcset=\"https:\/\/fundacioateneusantroc.org\/wp-content\/uploads\/2026-papa-salva-lluis.jpg 1024w, https:\/\/fundacioateneusantroc.org\/wp-content\/uploads\/2026-papa-salva-lluis-300x188.jpg 300w, https:\/\/fundacioateneusantroc.org\/wp-content\/uploads\/2026-papa-salva-lluis-768x480.jpg 768w\" sizes=\"auto, (max-width: 1024px) 100vw, 1024px\" \/><figcaption class=\"wp-element-caption\">Salvador Figuerola i Llu\u00eds Font a la trobada d&#8217;entitats amb el Papa a l&#8217;esgl\u00e9sia de Sant Agust\u00ed<\/figcaption><\/figure>\n","protected":false},"excerpt":{"rendered":"<p>Premsa especial Papa 2026 En el marc de la visita del papa Lle\u00f3 XIV a Barcelona, [&hellip;]<\/p>\n","protected":false},"author":2,"featured_media":71888,"comment_status":"open","ping_status":"open","sticky":false,"template":"","format":"standard","meta":{"footnotes":""},"categories":[2,1],"tags":[],"class_list":["post-71882","post","type-post","status-publish","format-standard","has-post-thumbnail","hentry","category-premsa","category-actualitat"],"_links":{"self":[{"href":"https:\/\/fundacioateneusantroc.org\/es\/wp-json\/wp\/v2\/posts\/71882","targetHints":{"allow":["GET"]}}],"collection":[{"href":"https:\/\/fundacioateneusantroc.org\/es\/wp-json\/wp\/v2\/posts"}],"about":[{"href":"https:\/\/fundacioateneusantroc.org\/es\/wp-json\/wp\/v2\/types\/post"}],"author":[{"embeddable":true,"href":"https:\/\/fundacioateneusantroc.org\/es\/wp-json\/wp\/v2\/users\/2"}],"replies":[{"embeddable":true,"href":"https:\/\/fundacioateneusantroc.org\/es\/wp-json\/wp\/v2\/comments?post=71882"}],"version-history":[{"count":36,"href":"https:\/\/fundacioateneusantroc.org\/es\/wp-json\/wp\/v2\/posts\/71882\/revisions"}],"predecessor-version":[{"id":72980,"href":"https:\/\/fundacioateneusantroc.org\/es\/wp-json\/wp\/v2\/posts\/71882\/revisions\/72980"}],"wp:featuredmedia":[{"embeddable":true,"href":"https:\/\/fundacioateneusantroc.org\/es\/wp-json\/wp\/v2\/media\/71888"}],"wp:attachment":[{"href":"https:\/\/fundacioateneusantroc.org\/es\/wp-json\/wp\/v2\/media?parent=71882"}],"wp:term":[{"taxonomy":"category","embeddable":true,"href":"https:\/\/fundacioateneusantroc.org\/es\/wp-json\/wp\/v2\/categories?post=71882"},{"taxonomy":"post_tag","embeddable":true,"href":"https:\/\/fundacioateneusantroc.org\/es\/wp-json\/wp\/v2\/tags?post=71882"}],"curies":[{"name":"wp","href":"https:\/\/api.w.org\/{rel}","templated":true}]}}