{"id":72066,"date":"2026-06-01T10:04:28","date_gmt":"2026-06-01T08:04:28","guid":{"rendered":"https:\/\/fundacioateneusantroc.org\/?p=72066"},"modified":"2026-06-16T11:14:28","modified_gmt":"2026-06-16T09:14:28","slug":"arpilleres-pels-drets-humans-a-la-jornada-alteritart-un-cami-compartit","status":"publish","type":"post","link":"https:\/\/fundacioateneusantroc.org\/es\/arpilleres-pels-drets-humans-a-la-jornada-alteritart-un-cami-compartit\/","title":{"rendered":"Arpilleres pels Drets humans a la jornada &#8220;AlteritART. Un cam\u00ed compartit&#8221;"},"content":{"rendered":"\n<p>Aquests 29 de maig, arpilleristes de la Fundaci\u00f3 Ateneu Sant Roc han impartit un taller en la jornada &#8220;<strong>AlteritART. Un cam\u00ed compartit&#8221;<\/strong> organitzada per les escoles FEDAC <em>(Fundaci\u00f3 Educativa Privada Dominiques de l&#8217;Anunciata)<\/em>.<\/p>\n\n\n\n<p>La trobada s&#8217;ha celebrat a la Facultat d&#8217;Educaci\u00f3 de la Universitat de Manresa (UVic-Universitat Central de Catalunya), en el marc del projecte +ART a les escoles. Hi han participat educadores i educadors de l&#8217;\u00e0mbit art\u00edstic i universitari amb l&#8217;objectiu de fer valdre el paper de l&#8217;art en una educaci\u00f3 human\u00edstica.<\/p>\n\n\n\n<p>Enguany, aquesta jornada ha girat al voltant del concepte de l&#8217;alteritat: <strong>el descobriment de l&#8217;altre i la seva realitat a trav\u00e9s del llenguatge art\u00edstic.<\/strong> El taller plantejat ha estat una petita intervenci\u00f3 referent als moviments socials, explicant l&#8217;experi\u00e8ncia entorn de l&#8217;exposici\u00f3 <a href=\"https:\/\/fundacioateneusantroc.org\/ateneu-arpilleres\/teixint-resistencia-cosim-futur\/\">Teixint resist\u00e8ncia, cosim futur.<\/a> Una oportunitat per mostrar el traball en valors que es pot fer a trav\u00e9s del llenguatge de les arpilleres.<\/p>\n\n\n\n<figure class=\"wp-block-gallery has-nested-images columns-default is-cropped wp-block-gallery-1 is-layout-flex wp-block-gallery-is-layout-flex\">\n<figure class=\"wp-block-image size-large\"><img loading=\"lazy\" decoding=\"async\" width=\"1024\" height=\"640\" data-id=\"72412\" src=\"https:\/\/fundacioateneusantroc.org\/wp-content\/uploads\/2024-alteritart-fedac-1.jpg\" alt=\"\" class=\"wp-image-72412\" srcset=\"https:\/\/fundacioateneusantroc.org\/wp-content\/uploads\/2024-alteritart-fedac-1.jpg 1024w, https:\/\/fundacioateneusantroc.org\/wp-content\/uploads\/2024-alteritart-fedac-1-300x188.jpg 300w, https:\/\/fundacioateneusantroc.org\/wp-content\/uploads\/2024-alteritart-fedac-1-768x480.jpg 768w\" sizes=\"auto, (max-width: 1024px) 100vw, 1024px\" \/><\/figure>\n\n\n\n<figure class=\"wp-block-image size-large\"><img loading=\"lazy\" decoding=\"async\" width=\"1024\" height=\"640\" data-id=\"72414\" src=\"https:\/\/fundacioateneusantroc.org\/wp-content\/uploads\/2024-alteritart-fedac-2.jpg\" alt=\"\" class=\"wp-image-72414\" srcset=\"https:\/\/fundacioateneusantroc.org\/wp-content\/uploads\/2024-alteritart-fedac-2.jpg 1024w, https:\/\/fundacioateneusantroc.org\/wp-content\/uploads\/2024-alteritart-fedac-2-300x188.jpg 300w, https:\/\/fundacioateneusantroc.org\/wp-content\/uploads\/2024-alteritart-fedac-2-768x480.jpg 768w\" sizes=\"auto, (max-width: 1024px) 100vw, 1024px\" \/><\/figure>\n\n\n\n<figure class=\"wp-block-image size-large\"><img loading=\"lazy\" decoding=\"async\" width=\"1024\" height=\"640\" data-id=\"72418\" src=\"https:\/\/fundacioateneusantroc.org\/wp-content\/uploads\/2024-alteritart-fedac-4.jpg\" alt=\"\" class=\"wp-image-72418\" srcset=\"https:\/\/fundacioateneusantroc.org\/wp-content\/uploads\/2024-alteritart-fedac-4.jpg 1024w, https:\/\/fundacioateneusantroc.org\/wp-content\/uploads\/2024-alteritart-fedac-4-300x188.jpg 300w, https:\/\/fundacioateneusantroc.org\/wp-content\/uploads\/2024-alteritart-fedac-4-768x480.jpg 768w\" sizes=\"auto, (max-width: 1024px) 100vw, 1024px\" \/><\/figure>\n\n\n\n<figure class=\"wp-block-image size-large\"><img loading=\"lazy\" decoding=\"async\" width=\"1024\" height=\"640\" data-id=\"72422\" src=\"https:\/\/fundacioateneusantroc.org\/wp-content\/uploads\/2024-alteritart-fedac-6.jpg\" alt=\"\" class=\"wp-image-72422\" srcset=\"https:\/\/fundacioateneusantroc.org\/wp-content\/uploads\/2024-alteritart-fedac-6.jpg 1024w, https:\/\/fundacioateneusantroc.org\/wp-content\/uploads\/2024-alteritart-fedac-6-300x188.jpg 300w, https:\/\/fundacioateneusantroc.org\/wp-content\/uploads\/2024-alteritart-fedac-6-768x480.jpg 768w\" sizes=\"auto, (max-width: 1024px) 100vw, 1024px\" \/><\/figure>\n\n\n\n<figure class=\"wp-block-image size-large\"><img loading=\"lazy\" decoding=\"async\" width=\"1024\" height=\"640\" data-id=\"72420\" src=\"https:\/\/fundacioateneusantroc.org\/wp-content\/uploads\/2024-alteritart-fedac-5.jpg\" alt=\"\" class=\"wp-image-72420\" srcset=\"https:\/\/fundacioateneusantroc.org\/wp-content\/uploads\/2024-alteritart-fedac-5.jpg 1024w, https:\/\/fundacioateneusantroc.org\/wp-content\/uploads\/2024-alteritart-fedac-5-300x188.jpg 300w, https:\/\/fundacioateneusantroc.org\/wp-content\/uploads\/2024-alteritart-fedac-5-768x480.jpg 768w\" sizes=\"auto, (max-width: 1024px) 100vw, 1024px\" \/><\/figure>\n\n\n\n<figure class=\"wp-block-image size-large\"><img loading=\"lazy\" decoding=\"async\" width=\"1024\" height=\"640\" data-id=\"72416\" src=\"https:\/\/fundacioateneusantroc.org\/wp-content\/uploads\/2024-alteritart-fedac-3.jpg\" alt=\"\" class=\"wp-image-72416\" srcset=\"https:\/\/fundacioateneusantroc.org\/wp-content\/uploads\/2024-alteritart-fedac-3.jpg 1024w, https:\/\/fundacioateneusantroc.org\/wp-content\/uploads\/2024-alteritart-fedac-3-300x188.jpg 300w, https:\/\/fundacioateneusantroc.org\/wp-content\/uploads\/2024-alteritart-fedac-3-768x480.jpg 768w\" sizes=\"auto, (max-width: 1024px) 100vw, 1024px\" \/><\/figure>\n\n\n\n<figure class=\"wp-block-image size-large\"><img loading=\"lazy\" decoding=\"async\" width=\"1024\" height=\"640\" data-id=\"72424\" src=\"https:\/\/fundacioateneusantroc.org\/wp-content\/uploads\/2024-alteritart-fedac-7.jpg\" alt=\"\" class=\"wp-image-72424\" srcset=\"https:\/\/fundacioateneusantroc.org\/wp-content\/uploads\/2024-alteritart-fedac-7.jpg 1024w, https:\/\/fundacioateneusantroc.org\/wp-content\/uploads\/2024-alteritart-fedac-7-300x188.jpg 300w, https:\/\/fundacioateneusantroc.org\/wp-content\/uploads\/2024-alteritart-fedac-7-768x480.jpg 768w\" sizes=\"auto, (max-width: 1024px) 100vw, 1024px\" \/><\/figure>\n<\/figure>\n","protected":false},"excerpt":{"rendered":"<p>Aquests 29 de maig, arpilleristes de la Fundaci\u00f3 Ateneu Sant Roc han impartit un taller en [&hellip;]<\/p>\n","protected":false},"author":2,"featured_media":72410,"comment_status":"open","ping_status":"open","sticky":false,"template":"","format":"standard","meta":{"footnotes":""},"categories":[1,787],"tags":[1737],"class_list":["post-72066","post","type-post","status-publish","format-standard","has-post-thumbnail","hentry","category-actualitat","category-les-arpilleres","tag-taller-arpilleres"],"_links":{"self":[{"href":"https:\/\/fundacioateneusantroc.org\/es\/wp-json\/wp\/v2\/posts\/72066","targetHints":{"allow":["GET"]}}],"collection":[{"href":"https:\/\/fundacioateneusantroc.org\/es\/wp-json\/wp\/v2\/posts"}],"about":[{"href":"https:\/\/fundacioateneusantroc.org\/es\/wp-json\/wp\/v2\/types\/post"}],"author":[{"embeddable":true,"href":"https:\/\/fundacioateneusantroc.org\/es\/wp-json\/wp\/v2\/users\/2"}],"replies":[{"embeddable":true,"href":"https:\/\/fundacioateneusantroc.org\/es\/wp-json\/wp\/v2\/comments?post=72066"}],"version-history":[{"count":11,"href":"https:\/\/fundacioateneusantroc.org\/es\/wp-json\/wp\/v2\/posts\/72066\/revisions"}],"predecessor-version":[{"id":72490,"href":"https:\/\/fundacioateneusantroc.org\/es\/wp-json\/wp\/v2\/posts\/72066\/revisions\/72490"}],"wp:featuredmedia":[{"embeddable":true,"href":"https:\/\/fundacioateneusantroc.org\/es\/wp-json\/wp\/v2\/media\/72410"}],"wp:attachment":[{"href":"https:\/\/fundacioateneusantroc.org\/es\/wp-json\/wp\/v2\/media?parent=72066"}],"wp:term":[{"taxonomy":"category","embeddable":true,"href":"https:\/\/fundacioateneusantroc.org\/es\/wp-json\/wp\/v2\/categories?post=72066"},{"taxonomy":"post_tag","embeddable":true,"href":"https:\/\/fundacioateneusantroc.org\/es\/wp-json\/wp\/v2\/tags?post=72066"}],"curies":[{"name":"wp","href":"https:\/\/api.w.org\/{rel}","templated":true}]}}