{"id":72139,"date":"2026-06-01T10:28:40","date_gmt":"2026-06-01T08:28:40","guid":{"rendered":"https:\/\/fundacioateneusantroc.org\/?p=72139"},"modified":"2026-06-01T11:19:00","modified_gmt":"2026-06-01T09:19:00","slug":"passejada-per-la-badalona-obrera","status":"publish","type":"post","link":"https:\/\/fundacioateneusantroc.org\/es\/passejada-per-la-badalona-obrera\/","title":{"rendered":"Passejada per la Badalona obrera"},"content":{"rendered":"\n<p>La ruta per la Badalona obrera s\u2019emmarca dins les activitats complement\u00e0ries de l\u2019exposici\u00f3 d\u2019arpilleres <em><a href=\"https:\/\/fundacioateneusantroc.org\/ateneu-arpilleres\/teixint-resistencia-cosim-futur\/\">Teixint resist\u00e8ncia, cosim futur<\/a><\/em>, una proposta que recupera mem\u00f2ries de lluita, solidaritat i transformaci\u00f3 social a trav\u00e9s de l\u2019art t\u00e8xtil i la mem\u00f2ria col\u00b7lectiva.<\/p>\n\n\n\n<p>Dissabte, 30 de maig a la tarda, una vintena de persones de l\u2019Ateneu ens trobem envoltant a l\u2019<strong>Andreu Mu\u00f1oz<\/strong> per con\u00e8ixer la Badalona obrera. Ell insisteix a dir que \u00e9s deixeble de l\u2019Emili Ferrando, per\u00f2 cal recon\u00e8ixer el seu bon mestratge en contingut, rigorositat i domini del tema.<\/p>\n\n\n\n<p>Acompanyats d\u2019un itinerari amb punts de parades significatives i una l\u00ednia del temps que ens ubica entre inicis del segle XIX i anys 70 del segle XX, iniciem la ruta a partir d\u2019edificis, alguns originals i d\u2019altres\u00a0nous. L&#8217;Andreu ens va descobrint formes d\u2019<strong>associacionisme<\/strong>, d\u2019ajuda m\u00fatua i sindicats en les seves diferents modalitats. Tamb\u00e9 ens mostra espais d\u2019aprenentatge, com ara ateneus i corals, que esdevenien llocs de socialitzaci\u00f3, formaci\u00f3 i difusi\u00f3 cultural, aut\u00e8ntiques beceroles del moviment obrer.<\/p>\n\n\n\n<p>Altres edificis ens mostren el creixement industrial i desenvolupament econ\u00f2mic de Badalona com l&#8217;Estaci\u00f3 de tren i les f\u00e0briques t\u00e8xtil Can Casacuberta i La Llauna, de litografia i envasos met\u00e0l\u00b7lics. <\/p>\n\n\n\n<p>Vam viatjar en el temps fent un aut\u00e8ntic recorregut per la hist\u00f2ria: des de les desamortitzacions eclesi\u00e0stica de Mendiz\u00e1bal i civil de Madoz, fins a l&#8217;aparici\u00f3 d&#8217;agrupacions obreres, l&#8217;\u00e8poca del pistolerisme, els canvis pol\u00edtics, vagues i lluites, que van marcar el moviment obrer. Durant la passejada, l&#8217;Andreu ens va parlar tamb\u00e9 de personatges destacats com Joan Peir\u00f3 i Manuel Moreno Mauricio, molt vinculats a Badalona i amb p\u00f2sit hist\u00f2ric, social i pol\u00edtic.<\/p>\n\n\n\n<p>Mem\u00f2ria que ens acompanya, que ens fa conscients d\u2019on venim i quina ciutat hem heretat; que ens ajuda a entendre el present i a sentir-nos orgullosos de les lluites i les cuites per aprendre, de tantes persones per accedir a l&#8217;educaci\u00f3, a la cultura i a un treball digne.<\/p>\n\n\n\n<p>Gr\u00e0cies a tota la gent que ha fet possible la Badalona d&#8217;avui i gr\u00e0cies a aquells, que com l\u2019Andreu i l\u2019Emili, recullen i cusen retalls de la nostra hist\u00f2ria col\u00b7lectiva i l\u2019expliquen tan curosament.<\/p>\n\n\n\n<figure class=\"wp-block-gallery has-nested-images columns-default is-cropped wp-block-gallery-1 is-layout-flex wp-block-gallery-is-layout-flex\">\n<figure class=\"wp-block-image size-large\"><img loading=\"lazy\" decoding=\"async\" width=\"1024\" height=\"640\" data-id=\"72156\" src=\"https:\/\/fundacioateneusantroc.org\/wp-content\/uploads\/2026-passejada-obrera-8.jpg\" alt=\"\" class=\"wp-image-72156\" srcset=\"https:\/\/fundacioateneusantroc.org\/wp-content\/uploads\/2026-passejada-obrera-8.jpg 1024w, https:\/\/fundacioateneusantroc.org\/wp-content\/uploads\/2026-passejada-obrera-8-300x188.jpg 300w, https:\/\/fundacioateneusantroc.org\/wp-content\/uploads\/2026-passejada-obrera-8-768x480.jpg 768w\" sizes=\"auto, (max-width: 1024px) 100vw, 1024px\" \/><\/figure>\n\n\n\n<figure class=\"wp-block-image size-large\"><img loading=\"lazy\" decoding=\"async\" width=\"1024\" height=\"640\" data-id=\"72158\" src=\"https:\/\/fundacioateneusantroc.org\/wp-content\/uploads\/2026-passejada-obrera-9.jpg\" alt=\"\" class=\"wp-image-72158\" srcset=\"https:\/\/fundacioateneusantroc.org\/wp-content\/uploads\/2026-passejada-obrera-9.jpg 1024w, https:\/\/fundacioateneusantroc.org\/wp-content\/uploads\/2026-passejada-obrera-9-300x188.jpg 300w, https:\/\/fundacioateneusantroc.org\/wp-content\/uploads\/2026-passejada-obrera-9-768x480.jpg 768w\" sizes=\"auto, (max-width: 1024px) 100vw, 1024px\" \/><\/figure>\n\n\n\n<figure class=\"wp-block-image size-large\"><img loading=\"lazy\" decoding=\"async\" width=\"1024\" height=\"640\" data-id=\"72142\" src=\"https:\/\/fundacioateneusantroc.org\/wp-content\/uploads\/2026-passejada-obrera-1.jpg\" alt=\"\" class=\"wp-image-72142\" srcset=\"https:\/\/fundacioateneusantroc.org\/wp-content\/uploads\/2026-passejada-obrera-1.jpg 1024w, https:\/\/fundacioateneusantroc.org\/wp-content\/uploads\/2026-passejada-obrera-1-300x188.jpg 300w, https:\/\/fundacioateneusantroc.org\/wp-content\/uploads\/2026-passejada-obrera-1-768x480.jpg 768w\" sizes=\"auto, (max-width: 1024px) 100vw, 1024px\" \/><\/figure>\n\n\n\n<figure class=\"wp-block-image size-large\"><img loading=\"lazy\" decoding=\"async\" width=\"1024\" height=\"640\" data-id=\"72152\" src=\"https:\/\/fundacioateneusantroc.org\/wp-content\/uploads\/2026-passejada-obrera-6.jpg\" alt=\"\" class=\"wp-image-72152\" srcset=\"https:\/\/fundacioateneusantroc.org\/wp-content\/uploads\/2026-passejada-obrera-6.jpg 1024w, https:\/\/fundacioateneusantroc.org\/wp-content\/uploads\/2026-passejada-obrera-6-300x188.jpg 300w, https:\/\/fundacioateneusantroc.org\/wp-content\/uploads\/2026-passejada-obrera-6-768x480.jpg 768w\" sizes=\"auto, (max-width: 1024px) 100vw, 1024px\" \/><\/figure>\n\n\n\n<figure class=\"wp-block-image size-full\"><img loading=\"lazy\" decoding=\"async\" width=\"1024\" height=\"640\" data-id=\"72140\" src=\"https:\/\/fundacioateneusantroc.org\/wp-content\/uploads\/2026-passejada-obrera-0.jpg\" alt=\"\" class=\"wp-image-72140\" srcset=\"https:\/\/fundacioateneusantroc.org\/wp-content\/uploads\/2026-passejada-obrera-0.jpg 1024w, https:\/\/fundacioateneusantroc.org\/wp-content\/uploads\/2026-passejada-obrera-0-300x188.jpg 300w, https:\/\/fundacioateneusantroc.org\/wp-content\/uploads\/2026-passejada-obrera-0-768x480.jpg 768w\" sizes=\"auto, (max-width: 1024px) 100vw, 1024px\" \/><\/figure>\n\n\n\n<figure class=\"wp-block-image size-large\"><img loading=\"lazy\" decoding=\"async\" width=\"1024\" height=\"640\" data-id=\"72144\" src=\"https:\/\/fundacioateneusantroc.org\/wp-content\/uploads\/2026-passejada-obrera-2.jpg\" alt=\"\" class=\"wp-image-72144\" srcset=\"https:\/\/fundacioateneusantroc.org\/wp-content\/uploads\/2026-passejada-obrera-2.jpg 1024w, https:\/\/fundacioateneusantroc.org\/wp-content\/uploads\/2026-passejada-obrera-2-300x188.jpg 300w, https:\/\/fundacioateneusantroc.org\/wp-content\/uploads\/2026-passejada-obrera-2-768x480.jpg 768w\" sizes=\"auto, (max-width: 1024px) 100vw, 1024px\" \/><\/figure>\n\n\n\n<figure class=\"wp-block-image size-large\"><img loading=\"lazy\" decoding=\"async\" width=\"1024\" height=\"640\" data-id=\"72154\" src=\"https:\/\/fundacioateneusantroc.org\/wp-content\/uploads\/2026-passejada-obrera-7.jpg\" alt=\"\" class=\"wp-image-72154\" srcset=\"https:\/\/fundacioateneusantroc.org\/wp-content\/uploads\/2026-passejada-obrera-7.jpg 1024w, https:\/\/fundacioateneusantroc.org\/wp-content\/uploads\/2026-passejada-obrera-7-300x188.jpg 300w, https:\/\/fundacioateneusantroc.org\/wp-content\/uploads\/2026-passejada-obrera-7-768x480.jpg 768w\" sizes=\"auto, (max-width: 1024px) 100vw, 1024px\" \/><\/figure>\n\n\n\n<figure class=\"wp-block-image size-large\"><img loading=\"lazy\" decoding=\"async\" width=\"1024\" height=\"640\" data-id=\"72146\" src=\"https:\/\/fundacioateneusantroc.org\/wp-content\/uploads\/2026-passejada-obrera-3.jpg\" alt=\"\" class=\"wp-image-72146\" srcset=\"https:\/\/fundacioateneusantroc.org\/wp-content\/uploads\/2026-passejada-obrera-3.jpg 1024w, https:\/\/fundacioateneusantroc.org\/wp-content\/uploads\/2026-passejada-obrera-3-300x188.jpg 300w, https:\/\/fundacioateneusantroc.org\/wp-content\/uploads\/2026-passejada-obrera-3-768x480.jpg 768w\" sizes=\"auto, (max-width: 1024px) 100vw, 1024px\" \/><\/figure>\n\n\n\n<figure class=\"wp-block-image size-large\"><img loading=\"lazy\" decoding=\"async\" width=\"1024\" height=\"640\" data-id=\"72150\" src=\"https:\/\/fundacioateneusantroc.org\/wp-content\/uploads\/2026-passejada-obrera-5.jpg\" alt=\"\" class=\"wp-image-72150\" srcset=\"https:\/\/fundacioateneusantroc.org\/wp-content\/uploads\/2026-passejada-obrera-5.jpg 1024w, https:\/\/fundacioateneusantroc.org\/wp-content\/uploads\/2026-passejada-obrera-5-300x188.jpg 300w, https:\/\/fundacioateneusantroc.org\/wp-content\/uploads\/2026-passejada-obrera-5-768x480.jpg 768w\" sizes=\"auto, (max-width: 1024px) 100vw, 1024px\" \/><\/figure>\n<\/figure>\n","protected":false},"excerpt":{"rendered":"<p>La ruta per la Badalona obrera s\u2019emmarca dins les activitats complement\u00e0ries de l\u2019exposici\u00f3 d\u2019arpilleres Teixint resist\u00e8ncia, [&hellip;]<\/p>\n","protected":false},"author":2,"featured_media":72148,"comment_status":"open","ping_status":"open","sticky":false,"template":"","format":"standard","meta":{"footnotes":""},"categories":[1,787],"tags":[28,734],"class_list":["post-72139","post","type-post","status-publish","format-standard","has-post-thumbnail","hentry","category-actualitat","category-les-arpilleres","tag-arpilleras","tag-dinamitzacio-sociocultural"],"_links":{"self":[{"href":"https:\/\/fundacioateneusantroc.org\/es\/wp-json\/wp\/v2\/posts\/72139","targetHints":{"allow":["GET"]}}],"collection":[{"href":"https:\/\/fundacioateneusantroc.org\/es\/wp-json\/wp\/v2\/posts"}],"about":[{"href":"https:\/\/fundacioateneusantroc.org\/es\/wp-json\/wp\/v2\/types\/post"}],"author":[{"embeddable":true,"href":"https:\/\/fundacioateneusantroc.org\/es\/wp-json\/wp\/v2\/users\/2"}],"replies":[{"embeddable":true,"href":"https:\/\/fundacioateneusantroc.org\/es\/wp-json\/wp\/v2\/comments?post=72139"}],"version-history":[{"count":4,"href":"https:\/\/fundacioateneusantroc.org\/es\/wp-json\/wp\/v2\/posts\/72139\/revisions"}],"predecessor-version":[{"id":72232,"href":"https:\/\/fundacioateneusantroc.org\/es\/wp-json\/wp\/v2\/posts\/72139\/revisions\/72232"}],"wp:featuredmedia":[{"embeddable":true,"href":"https:\/\/fundacioateneusantroc.org\/es\/wp-json\/wp\/v2\/media\/72148"}],"wp:attachment":[{"href":"https:\/\/fundacioateneusantroc.org\/es\/wp-json\/wp\/v2\/media?parent=72139"}],"wp:term":[{"taxonomy":"category","embeddable":true,"href":"https:\/\/fundacioateneusantroc.org\/es\/wp-json\/wp\/v2\/categories?post=72139"},{"taxonomy":"post_tag","embeddable":true,"href":"https:\/\/fundacioateneusantroc.org\/es\/wp-json\/wp\/v2\/tags?post=72139"}],"curies":[{"name":"wp","href":"https:\/\/api.w.org\/{rel}","templated":true}]}}