{"id":72305,"date":"2026-06-04T18:33:19","date_gmt":"2026-06-04T16:33:19","guid":{"rendered":"https:\/\/fundacioateneusantroc.org\/?p=72305"},"modified":"2026-06-08T19:57:56","modified_gmt":"2026-06-08T17:57:56","slug":"verano-2026","status":"publish","type":"post","link":"https:\/\/fundacioateneusantroc.org\/es\/verano-2026\/","title":{"rendered":"Verano 2026"},"content":{"rendered":"\n<h2 class=\"wp-block-heading\">El verano est\u00e1 a punto de empezar&#8230; <\/h2>\n\n<p>Llega un verano m\u00e1s, muchos ni\u00f1os, ni\u00f1as y j\u00f3venes de Badalona sur vivir\u00e1n unas vacaciones llenas de creatividad, descubrimientos y momentos para recordar.<\/p>\n\n<p>Este a\u00f1o, inspirados en el universo de Antonio Gaud\u00ed, nos adentraremos en un verano en el que la imaginaci\u00f3n, los colores, las formas y la naturaleza nos acompa\u00f1ar\u00e1n.<\/p>\n\n<p>Porque el tiempo de vacaciones es para disfrutar, para compartir risas y aprender juntos sin apenas darnos cuenta.<\/p>\n\n<p>Son d\u00edas para cuidarnos y sentir que formamos parte de un grupo en el que cada uno aporta algo \u00fanico, como pedacitos de baldosa que juntas construyen un extraordinario mosaico.<\/p>\n\n<p>Este verano 2026, volveremos a vivir, sentir y crecer juntos con ilusi\u00f3n, energ\u00eda y muchas ganas de seguir haciendo realidad el #DretAlLleure.<\/p>\n\n<p><strong>Gaudir de l\u2019estiu a la Fundaci\u00f3 Ateneu Sant Roc.<\/strong><\/p>\n<div class=\"wp-block-image\">\n<figure class=\"aligncenter size-medium\"><img loading=\"lazy\" decoding=\"async\" width=\"300\" height=\"300\" src=\"https:\/\/fundacioateneusantroc.org\/wp-content\/uploads\/\/tenim-un-somni-dretallleure-300x300.png\" alt=\"\" class=\"wp-image-72253\" srcset=\"https:\/\/fundacioateneusantroc.org\/wp-content\/uploads\/tenim-un-somni-dretallleure-300x300.png 300w, https:\/\/fundacioateneusantroc.org\/wp-content\/uploads\/tenim-un-somni-dretallleure-150x150.png 150w, https:\/\/fundacioateneusantroc.org\/wp-content\/uploads\/tenim-un-somni-dretallleure.png 496w\" sizes=\"auto, (max-width: 300px) 100vw, 300px\" \/><\/figure>\n<\/div>\n<h2 class=\"wp-block-heading has-text-align-center\">Si quieres colaborar<\/h2>\n\n<div class=\"wp-block-buttons is-content-justification-center is-layout-flex wp-container-core-buttons-is-layout-16018d1d wp-block-buttons-is-layout-flex\">\n<div class=\"wp-block-button\"><a class=\"wp-block-button__link has-text-align-center wp-element-button\" href=\"https:\/\/fundacioateneusantroc.org\/es\/romperlahucha2026\/\">Haz tu donativo<\/a><\/div>\n<\/div>\n\n<div style=\"height:53px\" aria-hidden=\"true\" class=\"wp-block-spacer\"><\/div>\n\n<p><strong>Nuestro agradecimiento a:<\/strong> Ajuntament de Badalona, AMPA Col\u00b7legi Sant\u00edssima Trinitat, Assist\u00e8ncia Sanit\u00e0ria, Caixa Proinf\u00e0ncia, C\u00e0ritas Barcelona, Col\u00b7legi Sant\u00edssima Trinitat, Fundaci\u00f3 Llegat Roca i Pi, Fundaci\u00f3 Probitas, Generalitat de Catalunya, IES Eugeni d\u2019Ors, Orden de San Agust\u00edn, Parroquia de Sant Roc, <strong>y a todas las personas socias, colaboradores y voluntarias que hecen posible estas actividades.<\/strong><\/p>\n\n<figure class=\"wp-block-image size-large\"><a href=\"&lt;!--[CDATA[https:\/\/fundacioateneusantroc.org\/wp-content\/uploads\/estiu-2026-programa-3.jpg]]--&gt;\"><img loading=\"lazy\" decoding=\"async\" width=\"1024\" height=\"1024\" src=\"https:\/\/fundacioateneusantroc.org\/wp-content\/uploads\/\/estiu-2026-programa-3-1024x1024.jpg\" alt=\"\" class=\"wp-image-72340\" srcset=\"https:\/\/fundacioateneusantroc.org\/wp-content\/uploads\/estiu-2026-programa-3-1024x1024.jpg 1024w, https:\/\/fundacioateneusantroc.org\/wp-content\/uploads\/estiu-2026-programa-3-300x300.jpg 300w, https:\/\/fundacioateneusantroc.org\/wp-content\/uploads\/estiu-2026-programa-3-150x150.jpg 150w, https:\/\/fundacioateneusantroc.org\/wp-content\/uploads\/estiu-2026-programa-3-768x768.jpg 768w, https:\/\/fundacioateneusantroc.org\/wp-content\/uploads\/estiu-2026-programa-3-1536x1536.jpg 1536w, https:\/\/fundacioateneusantroc.org\/wp-content\/uploads\/estiu-2026-programa-3.jpg 2000w\" sizes=\"auto, (max-width: 1024px) 100vw, 1024px\" \/><\/a><\/figure>\n","protected":false},"excerpt":{"rendered":"<p>El verano est\u00e1 a punto de empezar&#8230; Llega un verano m\u00e1s, muchos ni\u00f1os, ni\u00f1as y j\u00f3venes [&hellip;]<\/p>\n","protected":false},"author":2,"featured_media":72251,"comment_status":"open","ping_status":"open","sticky":false,"template":"","format":"standard","meta":{"footnotes":""},"categories":[1707,30],"tags":[1393,1739],"class_list":["post-72305","post","type-post","status-publish","format-standard","has-post-thumbnail","hentry","category-vacaciones","category-actualidad","tag-actividades-de-vacaciones","tag-verano-2026"],"_links":{"self":[{"href":"https:\/\/fundacioateneusantroc.org\/es\/wp-json\/wp\/v2\/posts\/72305","targetHints":{"allow":["GET"]}}],"collection":[{"href":"https:\/\/fundacioateneusantroc.org\/es\/wp-json\/wp\/v2\/posts"}],"about":[{"href":"https:\/\/fundacioateneusantroc.org\/es\/wp-json\/wp\/v2\/types\/post"}],"author":[{"embeddable":true,"href":"https:\/\/fundacioateneusantroc.org\/es\/wp-json\/wp\/v2\/users\/2"}],"replies":[{"embeddable":true,"href":"https:\/\/fundacioateneusantroc.org\/es\/wp-json\/wp\/v2\/comments?post=72305"}],"version-history":[{"count":7,"href":"https:\/\/fundacioateneusantroc.org\/es\/wp-json\/wp\/v2\/posts\/72305\/revisions"}],"predecessor-version":[{"id":72344,"href":"https:\/\/fundacioateneusantroc.org\/es\/wp-json\/wp\/v2\/posts\/72305\/revisions\/72344"}],"wp:featuredmedia":[{"embeddable":true,"href":"https:\/\/fundacioateneusantroc.org\/es\/wp-json\/wp\/v2\/media\/72251"}],"wp:attachment":[{"href":"https:\/\/fundacioateneusantroc.org\/es\/wp-json\/wp\/v2\/media?parent=72305"}],"wp:term":[{"taxonomy":"category","embeddable":true,"href":"https:\/\/fundacioateneusantroc.org\/es\/wp-json\/wp\/v2\/categories?post=72305"},{"taxonomy":"post_tag","embeddable":true,"href":"https:\/\/fundacioateneusantroc.org\/es\/wp-json\/wp\/v2\/tags?post=72305"}],"curies":[{"name":"wp","href":"https:\/\/api.w.org\/{rel}","templated":true}]}}