{"id":72319,"date":"2026-06-12T13:27:12","date_gmt":"2026-06-12T11:27:12","guid":{"rendered":"https:\/\/fundacioateneusantroc.org\/?p=72319"},"modified":"2026-06-12T13:27:13","modified_gmt":"2026-06-12T11:27:13","slug":"experiencies-viscudes-al-cor-de-lateneu","status":"publish","type":"post","link":"https:\/\/fundacioateneusantroc.org\/es\/experiencies-viscudes-al-cor-de-lateneu\/","title":{"rendered":"Experi\u00e8ncies viscudes al Cor de l&#8217;Ateneu"},"content":{"rendered":"\n<p>Acabem un nou curs i \u00e9s moment de mirar enrere i valorar les experi\u00e8ncies viscudes. Per als components del Cor de l&#8217;Ateneu, aquests \u00faltims mesos han estat especialment intensos. Hem afrontat dos concerts importants, amb tota la responsabilitat que aix\u00f2 comporta, i hem dedicat moltes hores de treball, esfor\u00e7 i comprom\u00eds als assajos i a la preparaci\u00f3 del repertori.<\/p>\n\n\n\n<figure class=\"wp-block-image size-full\"><img loading=\"lazy\" decoding=\"async\" width=\"1024\" height=\"640\" src=\"https:\/\/fundacioateneusantroc.org\/wp-content\/uploads\/2026-cor-3.jpg\" alt=\"\" class=\"wp-image-72327\" srcset=\"https:\/\/fundacioateneusantroc.org\/wp-content\/uploads\/2026-cor-3.jpg 1024w, https:\/\/fundacioateneusantroc.org\/wp-content\/uploads\/2026-cor-3-300x188.jpg 300w, https:\/\/fundacioateneusantroc.org\/wp-content\/uploads\/2026-cor-3-768x480.jpg 768w\" sizes=\"auto, (max-width: 1024px) 100vw, 1024px\" \/><figcaption class=\"wp-element-caption\"><em>Assaig a la Matinal de formaci\u00f3<\/em><\/figcaption><\/figure>\n\n\n\n<p>El resultat ha estat molt gratificant. Hem tingut l&#8217;oportunitat de portar la nostra m\u00fasica a espais i p\u00fablics diferents, compartint un mateix repertori que ha despertat emocions diverses. Des de can\u00e7ons festives amb un aire tavernari fins a peces evocadores com <em>Collarets de llum<\/em>, passant per composicions de caire m\u00e9s reivindicatiu i melodies d&#8217;una gran espiritualitat, el programa oferia un recorregut ric i variat que culminava amb el <em>C\u00e0non de la pau<\/em>, un missatge final de conviv\u00e8ncia i esperan\u00e7a.<\/p>\n\n\n\n<p>La participaci\u00f3 en el concert de la Catedral de Girona, dins el marc de Temps de Flors, ens va permetre gaudir d&#8217;un entorn excepcional, tot i el repte que suposa cantar en un espai d&#8217;aquestes caracter\u00edstiques. Per altra banda, el concert <em>Sol, fa, nit de festa<\/em>, a casa nostra, va resultar especialment rod\u00f3 i va comptar amb la participaci\u00f3 del p\u00fablic a l\u2019\u00faltima can\u00e7\u00f3, fet que va contribuir a crear una atmosfera c\u00e0lida i propera.<\/p>\n\n\n\n<figure class=\"wp-block-image size-full\"><img loading=\"lazy\" decoding=\"async\" width=\"1024\" height=\"640\" src=\"https:\/\/fundacioateneusantroc.org\/wp-content\/uploads\/2026-cor-10.jpg\" alt=\"\" class=\"wp-image-72323\" srcset=\"https:\/\/fundacioateneusantroc.org\/wp-content\/uploads\/2026-cor-10.jpg 1024w, https:\/\/fundacioateneusantroc.org\/wp-content\/uploads\/2026-cor-10-300x188.jpg 300w, https:\/\/fundacioateneusantroc.org\/wp-content\/uploads\/2026-cor-10-768x480.jpg 768w\" sizes=\"auto, (max-width: 1024px) 100vw, 1024px\" \/><figcaption class=\"wp-element-caption\"><em>El C\u00e0non de la Pau amb el p\u00fablic assistent al Sol, fa nits de festa<\/em><\/figcaption><\/figure>\n\n\n\n<p>En aquest \u00faltim concert i, com ja \u00e9s habitual des de fa uns anys, la m\u00fasica es va complementar amb fragments de textos literaris, en aquesta ocasi\u00f3 narratius, que van donar coher\u00e8ncia al fil conductor del concert i van enriquir l&#8217;experi\u00e8ncia art\u00edstica tant per als cantaires com per als assistents.<\/p>\n\n\n\n<figure class=\"wp-block-image size-full\"><img loading=\"lazy\" decoding=\"async\" width=\"1024\" height=\"640\" src=\"https:\/\/fundacioateneusantroc.org\/wp-content\/uploads\/2026-cor-13.jpg\" alt=\"\" class=\"wp-image-72325\" srcset=\"https:\/\/fundacioateneusantroc.org\/wp-content\/uploads\/2026-cor-13.jpg 1024w, https:\/\/fundacioateneusantroc.org\/wp-content\/uploads\/2026-cor-13-300x188.jpg 300w, https:\/\/fundacioateneusantroc.org\/wp-content\/uploads\/2026-cor-13-768x480.jpg 768w\" sizes=\"auto, (max-width: 1024px) 100vw, 1024px\" \/><figcaption class=\"wp-element-caption\"><em>Textos literaris al Sol, fa nits de festa<\/em><\/figcaption><\/figure>\n\n\n\n<p>Per acabar, volem expressar el nostre agra\u00efment a totes les persones i entitat que ens acompanyen i ens donen suport al llarg del cam\u00ed. En primer lloc, a la Fundaci\u00f3 Ateneu Sant Roc, que ens acull i ens aixopluga dins la seva programaci\u00f3 cultural, fent possible que el Cor continu\u00ef creixent i desenvolupant la seva activitat.<\/p>\n\n\n\n<p>Tamb\u00e9 volem donar les gr\u00e0cies al nostre p\u00fablic incondicional, familiars i amics que ens segueixen fidelment concert rere concert. La vostra pres\u00e8ncia, escalf i complicitat s\u00f3n un est\u00edmul constant i una part imprescindible del que fem.<\/p>\n\n\n\n<figure class=\"wp-block-image size-full\"><img loading=\"lazy\" decoding=\"async\" width=\"1024\" height=\"640\" src=\"https:\/\/fundacioateneusantroc.org\/wp-content\/uploads\/2026-cor-12.jpg\" alt=\"\" class=\"wp-image-72329\" srcset=\"https:\/\/fundacioateneusantroc.org\/wp-content\/uploads\/2026-cor-12.jpg 1024w, https:\/\/fundacioateneusantroc.org\/wp-content\/uploads\/2026-cor-12-300x188.jpg 300w, https:\/\/fundacioateneusantroc.org\/wp-content\/uploads\/2026-cor-12-768x480.jpg 768w\" sizes=\"auto, (max-width: 1024px) 100vw, 1024px\" \/><figcaption class=\"wp-element-caption\"><em>Concert Sol, fa nits de festa<\/em><\/figcaption><\/figure>\n\n\n\n<p>I, molt especialment, volem recon\u00e8ixer la tasca del nostre director, Bernardo. Gr\u00e0cies a la seva dedicaci\u00f3 i professionalitat, hem pogut avan\u00e7ar, aprendre i gaudir de la m\u00fasica compartida, arribant fins aqu\u00ed com a grup hum\u00e0 i musical.<\/p>\n\n\n\n<p>Ara \u00e9s moment de fer una pausa, agafar forces i gaudir de l&#8217;estiu. Ens retrobarem al setembre amb nous reptes, nous projectes i la mateixa il\u00b7lusi\u00f3 de continuar cantant junts.<\/p>\n\n\n\n<figure class=\"wp-block-image size-full\"><img loading=\"lazy\" decoding=\"async\" width=\"1024\" height=\"583\" src=\"https:\/\/fundacioateneusantroc.org\/wp-content\/uploads\/2026-cor-5.jpg\" alt=\"\" class=\"wp-image-72331\" srcset=\"https:\/\/fundacioateneusantroc.org\/wp-content\/uploads\/2026-cor-5.jpg 1024w, https:\/\/fundacioateneusantroc.org\/wp-content\/uploads\/2026-cor-5-300x171.jpg 300w, https:\/\/fundacioateneusantroc.org\/wp-content\/uploads\/2026-cor-5-768x437.jpg 768w\" sizes=\"auto, (max-width: 1024px) 100vw, 1024px\" \/><figcaption class=\"wp-element-caption\"><em>Concert a la Parr\u00f2quia de Sant Pius X<\/em><\/figcaption><\/figure>\n","protected":false},"excerpt":{"rendered":"<p>Acabem un nou curs i \u00e9s moment de mirar enrere i valorar les experi\u00e8ncies viscudes. Per [&hellip;]<\/p>\n","protected":false},"author":2,"featured_media":72321,"comment_status":"open","ping_status":"open","sticky":false,"template":"","format":"standard","meta":{"footnotes":""},"categories":[1],"tags":[734],"class_list":["post-72319","post","type-post","status-publish","format-standard","has-post-thumbnail","hentry","category-actualitat","tag-dinamitzacio-sociocultural"],"_links":{"self":[{"href":"https:\/\/fundacioateneusantroc.org\/es\/wp-json\/wp\/v2\/posts\/72319","targetHints":{"allow":["GET"]}}],"collection":[{"href":"https:\/\/fundacioateneusantroc.org\/es\/wp-json\/wp\/v2\/posts"}],"about":[{"href":"https:\/\/fundacioateneusantroc.org\/es\/wp-json\/wp\/v2\/types\/post"}],"author":[{"embeddable":true,"href":"https:\/\/fundacioateneusantroc.org\/es\/wp-json\/wp\/v2\/users\/2"}],"replies":[{"embeddable":true,"href":"https:\/\/fundacioateneusantroc.org\/es\/wp-json\/wp\/v2\/comments?post=72319"}],"version-history":[{"count":3,"href":"https:\/\/fundacioateneusantroc.org\/es\/wp-json\/wp\/v2\/posts\/72319\/revisions"}],"predecessor-version":[{"id":72334,"href":"https:\/\/fundacioateneusantroc.org\/es\/wp-json\/wp\/v2\/posts\/72319\/revisions\/72334"}],"wp:featuredmedia":[{"embeddable":true,"href":"https:\/\/fundacioateneusantroc.org\/es\/wp-json\/wp\/v2\/media\/72321"}],"wp:attachment":[{"href":"https:\/\/fundacioateneusantroc.org\/es\/wp-json\/wp\/v2\/media?parent=72319"}],"wp:term":[{"taxonomy":"category","embeddable":true,"href":"https:\/\/fundacioateneusantroc.org\/es\/wp-json\/wp\/v2\/categories?post=72319"},{"taxonomy":"post_tag","embeddable":true,"href":"https:\/\/fundacioateneusantroc.org\/es\/wp-json\/wp\/v2\/tags?post=72319"}],"curies":[{"name":"wp","href":"https:\/\/api.w.org\/{rel}","templated":true}]}}