{"id":72346,"date":"2026-06-23T18:39:02","date_gmt":"2026-06-23T16:39:02","guid":{"rendered":"https:\/\/fundacioateneusantroc.org\/?p=72346"},"modified":"2026-06-30T19:09:56","modified_gmt":"2026-06-30T17:09:56","slug":"ahmed-cheema","status":"publish","type":"post","link":"https:\/\/fundacioateneusantroc.org\/es\/ahmed-cheema\/","title":{"rendered":"Ahmed Cheema"},"content":{"rendered":"\n<p>Al llarg dels anys, hem vist l\u2019Ahmed cr\u00e9ixer i compartir diferents espais de la Fundaci\u00f3 Ateneu Sant Roc. Discret, per\u00f2 sempre participatiu, ha format part de l\u2019Ateneu des que era ben petit. Rialler, tranquil i reflexiu.<\/p>\n\n\n\n<p>Els inicis de l\u2019Ahmed a l&#8217;Ateneu van ser a l\u2019Esplai Borinot, participant de manera activa en les activitats de lleure i compartint moments amb altres infants i joves cada divendres a la tarda.<\/p>\n\n\n\n<p>Molts d\u2019aquests companys i companyes es van convertir en companys de tarda, no nom\u00e9s de divendres sin\u00f3 tamb\u00e9 del Centre obert Joves, quan va passar a formar-ne part. Aquest canvi va suposar una nova etapa en el seu recorregut a l\u2019entitat, ampliant les seves relacions i participant de manera continuada en les diferents propostes educatives. Al llarg dels anys, l\u2019Ahmed ha mostrat una gran implicaci\u00f3, const\u00e0ncia i capacitat de vincular-se positivament amb el grup i amb l\u2019equip educatiu, esdevenint un jove molt estimat dins del projecte i fora.<\/p>\n\n\n\n<p>Una de les qualitats que m\u00e9s defineixen a l\u2019Ahmed \u00e9s la seva capacitat per afrontar els canvis amb determinaci\u00f3 i confian\u00e7a. Lluny de deixar-se paralitzar per les dificultats o la incertesa, ha demostrat una gran maduresa a l&#8217;hora de prendre decisions importants sobre el seu futur.<\/p>\n\n\n\n<p>En acabar l&#8217;etapa de Batxillerat, ha decidit continuar el seu recorregut acad\u00e8mic a trav\u00e9s d\u2019un cicle formatiu, un nou repte que afronta amb il\u00b7lusi\u00f3 i valentia. Aquest pas posa de manifest la seva capacitat per prendre decisions sobre el seu futur i la seva voluntat de construir un projecte de vida coherent amb les seves inquietuds.<\/p>\n\n\n\n<p>Amant de l\u2019esport, especialment del b\u00e0squet, ha sabut compaginar la seva afici\u00f3 amb els estudis i amb un ferm comprom\u00eds personal d\u2019estar present quan alg\u00fa ho necessita, siguin companys i companyes, educadores o familiars. Ha estat protagonista en moments especials de la vida del centre, com la Fira, Sant Jordi o el Dia Infantil, sempre disposat a donar un cop de m\u00e0.<\/p>\n\n\n\n<p>La seva traject\u00f2ria \u00e9s un exemple de resili\u00e8ncia i adaptabilitat, demostrant que els canvis poden esdevenir oportunitats de creixement quan s&#8217;afronten amb responsabilitat i convicci\u00f3.<\/p>\n\n\n\n<p>L\u2019Ahmed sempre ha destacat per la seva resili\u00e8ncia i const\u00e0ncia en la recerca de nous camins.<\/p>\n\n\n\n<p>Estem agra\u00efdes de poder acompanyar-te ben a prop!<\/p>\n\n\n\n<p class=\"has-text-align-right\"><em>Mireia Alcaina i Maite Do\u00f1\u00e1gueda (19 de juny de 2026)<\/em><\/p>\n","protected":false},"excerpt":{"rendered":"<p>Al llarg dels anys, hem vist l\u2019Ahmed cr\u00e9ixer i compartir diferents espais de la Fundaci\u00f3 Ateneu [&hellip;]<\/p>\n","protected":false},"author":2,"featured_media":72349,"comment_status":"open","ping_status":"open","sticky":false,"template":"","format":"standard","meta":{"footnotes":""},"categories":[1089,1],"tags":[147],"class_list":["post-72346","post","type-post","status-publish","format-standard","has-post-thumbnail","hentry","category-retrats","category-actualitat","tag-voluntariat"],"_links":{"self":[{"href":"https:\/\/fundacioateneusantroc.org\/es\/wp-json\/wp\/v2\/posts\/72346","targetHints":{"allow":["GET"]}}],"collection":[{"href":"https:\/\/fundacioateneusantroc.org\/es\/wp-json\/wp\/v2\/posts"}],"about":[{"href":"https:\/\/fundacioateneusantroc.org\/es\/wp-json\/wp\/v2\/types\/post"}],"author":[{"embeddable":true,"href":"https:\/\/fundacioateneusantroc.org\/es\/wp-json\/wp\/v2\/users\/2"}],"replies":[{"embeddable":true,"href":"https:\/\/fundacioateneusantroc.org\/es\/wp-json\/wp\/v2\/comments?post=72346"}],"version-history":[{"count":8,"href":"https:\/\/fundacioateneusantroc.org\/es\/wp-json\/wp\/v2\/posts\/72346\/revisions"}],"predecessor-version":[{"id":72637,"href":"https:\/\/fundacioateneusantroc.org\/es\/wp-json\/wp\/v2\/posts\/72346\/revisions\/72637"}],"wp:featuredmedia":[{"embeddable":true,"href":"https:\/\/fundacioateneusantroc.org\/es\/wp-json\/wp\/v2\/media\/72349"}],"wp:attachment":[{"href":"https:\/\/fundacioateneusantroc.org\/es\/wp-json\/wp\/v2\/media?parent=72346"}],"wp:term":[{"taxonomy":"category","embeddable":true,"href":"https:\/\/fundacioateneusantroc.org\/es\/wp-json\/wp\/v2\/categories?post=72346"},{"taxonomy":"post_tag","embeddable":true,"href":"https:\/\/fundacioateneusantroc.org\/es\/wp-json\/wp\/v2\/tags?post=72346"}],"curies":[{"name":"wp","href":"https:\/\/api.w.org\/{rel}","templated":true}]}}