{"id":72454,"date":"2026-06-17T13:27:41","date_gmt":"2026-06-17T11:27:41","guid":{"rendered":"https:\/\/fundacioateneusantroc.org\/?p=72454"},"modified":"2026-06-25T11:13:59","modified_gmt":"2026-06-25T09:13:59","slug":"2026-salut","status":"publish","type":"post","link":"https:\/\/fundacioateneusantroc.org\/es\/2026-salut\/","title":{"rendered":"Salut!"},"content":{"rendered":"\n<p>El treball d&#8217;h\u00e0bits saludables \u00e9s un dels objectius de l&#8217;Ateneu. Des dels nadons fins a la gent gran cal transmetre la import\u00e0ncia&nbsp;de la prevenci\u00f3, la cura i el benestar. Al llarg del curs moltes persones ens han acompanyat en aquest objectiu, aportant els seus coneixements i la seva experi\u00e8ncia.<\/p>\n\n\n\n<p>El taller de salut bucodental adre\u00e7at als nadons i les seves mares, aix\u00ed com als infants del Centre obert i de l&#8217;Aula oberta, ha estat una oportunitat d&#8217;aprenentatge sobre la import\u00e0ncia de tenir cura de la salut de la nostra boca. La sessi\u00f3 ha incl\u00f2s una revisi\u00f3 dental i una pr\u00e0ctica de raspallat!<\/p>\n\n\n\n<p>Les dones de Laila hem pogut resoldre dubtes sobre temes tan diversos com l&#8217;ansietat, el mal d&#8217;esquena o les revisions ginecol\u00f2giques amb les professionals sanit\u00e0ries del CAP Sant Roc i de l&#8217;ASSIR. Una xerrada &#8220;a la carta&#8221; on les q\u00fcestions plantejades pr\u00e8viament s&#8217;han anat contestant en un ambient de confian\u00e7a i respecte&#8230; tot un luxe!<\/p>\n\n\n\n<p>Infants i adolescents de l&#8217;Ateneu han tingut una revisi\u00f3 oftalmol\u00f2gica gratu\u00efta&nbsp;i amb seguiment posterior en cas de necessitat, gr\u00e0cies a la Fundaci\u00f3 Ramon Mart\u00ed i Bonet que a trav\u00e9s del programa Proinfancia ha aterrat al nostre territori.<\/p>\n\n\n\n<p>En format xerrada o compartir amb un caf\u00e8, amb l&#8217;equip de pediatria del CAP hem&nbsp;fet incid\u00e8ncia en els temes m\u00e9s importants de la crian\u00e7a, des dels primers auxilis i la prevenci\u00f3 de riscos, la vacunaci\u00f3, la introducci\u00f3 dels aliments, la lact\u00e0ncia&#8230; Cal aprofitar els&nbsp;<em>1.000 dies d&#8217;or<\/em>&nbsp;(concepte que fa refer\u00e8ncia als primers mil dies de vida que es consideren essencials per desenvolupar les potencialitats del nad\u00f3) per acompanyar les mares d&#8217;Elna en aquesta aventura&nbsp;de fer cr\u00e9ixer els seus fills.<\/p>\n\n\n\n<p>Altres activitats relacionades han estat una xerrada per a fam\u00edlies dels adolescents&nbsp;on s&#8217;ha fet incid\u00e8ncia en els h\u00e0bits d&#8217;higiene, les hores de son i l&#8217;\u00fas dels m\u00f2bils; tamb\u00e9 hem comptat amb la col\u00b7laboraci\u00f3 del CAP per aprendre a fer servir l&#8217;aplicaci\u00f3 de&nbsp;<em>La meva salut<\/em>&nbsp;amb les dones de Laila; hem participat en l&#8217;Escola de salut i en el mes de la vida activa organitzats pel CAP Sant Roc. Per millorar el benestar emocional, hem gaudit d&#8217;un taller de ioga en qu\u00e8 participen dones de diferents projectes, aquest espai combina exercici f\u00edsic i relaxaci\u00f3, i contribueix a reduir els nivells d&#8217;ansietat de les participants.<\/p>\n\n\n\n<p>Totes aquestes activitats han estat possibles gr\u00e0cies a persones ben conegudes i properes a l&#8217;Ateneu: Anna, S\u00edlvia, Clara, Raquel, Laura, Roger, J\u00e9ssica, Ruben, Mercedes, Olga, A\u00efna&#8230;&nbsp;&nbsp;<strong>Moltes gr\u00e0cies!!!!<\/strong><\/p>\n\n\n\n<figure class=\"wp-block-gallery has-nested-images columns-default is-cropped wp-block-gallery-1 is-layout-flex wp-block-gallery-is-layout-flex\">\n<figure class=\"wp-block-image size-large\"><img loading=\"lazy\" decoding=\"async\" width=\"720\" height=\"900\" data-id=\"72473\" src=\"https:\/\/fundacioateneusantroc.org\/wp-content\/uploads\/2026-sociosanitari-9.jpg\" alt=\"\" class=\"wp-image-72473\" srcset=\"https:\/\/fundacioateneusantroc.org\/wp-content\/uploads\/2026-sociosanitari-9.jpg 720w, https:\/\/fundacioateneusantroc.org\/wp-content\/uploads\/2026-sociosanitari-9-240x300.jpg 240w\" sizes=\"auto, (max-width: 720px) 100vw, 720px\" \/><\/figure>\n\n\n\n<figure class=\"wp-block-image size-large\"><img loading=\"lazy\" decoding=\"async\" width=\"1024\" height=\"640\" data-id=\"72461\" src=\"https:\/\/fundacioateneusantroc.org\/wp-content\/uploads\/2026-sociosanitari-3.jpg\" alt=\"\" class=\"wp-image-72461\" srcset=\"https:\/\/fundacioateneusantroc.org\/wp-content\/uploads\/2026-sociosanitari-3.jpg 1024w, https:\/\/fundacioateneusantroc.org\/wp-content\/uploads\/2026-sociosanitari-3-300x188.jpg 300w, https:\/\/fundacioateneusantroc.org\/wp-content\/uploads\/2026-sociosanitari-3-768x480.jpg 768w\" sizes=\"auto, (max-width: 1024px) 100vw, 1024px\" \/><\/figure>\n\n\n\n<figure class=\"wp-block-image size-full\"><img loading=\"lazy\" decoding=\"async\" width=\"1024\" height=\"640\" data-id=\"72477\" src=\"https:\/\/fundacioateneusantroc.org\/wp-content\/uploads\/2026-sociosanitari-0.jpg\" alt=\"\" class=\"wp-image-72477\" srcset=\"https:\/\/fundacioateneusantroc.org\/wp-content\/uploads\/2026-sociosanitari-0.jpg 1024w, https:\/\/fundacioateneusantroc.org\/wp-content\/uploads\/2026-sociosanitari-0-300x188.jpg 300w, https:\/\/fundacioateneusantroc.org\/wp-content\/uploads\/2026-sociosanitari-0-768x480.jpg 768w\" sizes=\"auto, (max-width: 1024px) 100vw, 1024px\" \/><\/figure>\n\n\n\n<figure class=\"wp-block-image size-large\"><img loading=\"lazy\" decoding=\"async\" width=\"1024\" height=\"640\" data-id=\"72469\" src=\"https:\/\/fundacioateneusantroc.org\/wp-content\/uploads\/2026-sociosanitari-7.jpg\" alt=\"\" class=\"wp-image-72469\" srcset=\"https:\/\/fundacioateneusantroc.org\/wp-content\/uploads\/2026-sociosanitari-7.jpg 1024w, https:\/\/fundacioateneusantroc.org\/wp-content\/uploads\/2026-sociosanitari-7-300x188.jpg 300w, https:\/\/fundacioateneusantroc.org\/wp-content\/uploads\/2026-sociosanitari-7-768x480.jpg 768w\" sizes=\"auto, (max-width: 1024px) 100vw, 1024px\" \/><\/figure>\n\n\n\n<figure class=\"wp-block-image size-large\"><img loading=\"lazy\" decoding=\"async\" width=\"720\" height=\"900\" data-id=\"72463\" src=\"https:\/\/fundacioateneusantroc.org\/wp-content\/uploads\/2026-sociosanitari-4.jpg\" alt=\"\" class=\"wp-image-72463\" srcset=\"https:\/\/fundacioateneusantroc.org\/wp-content\/uploads\/2026-sociosanitari-4.jpg 720w, https:\/\/fundacioateneusantroc.org\/wp-content\/uploads\/2026-sociosanitari-4-240x300.jpg 240w\" sizes=\"auto, (max-width: 720px) 100vw, 720px\" \/><\/figure>\n\n\n\n<figure class=\"wp-block-image size-large\"><img loading=\"lazy\" decoding=\"async\" width=\"720\" height=\"900\" data-id=\"72471\" src=\"https:\/\/fundacioateneusantroc.org\/wp-content\/uploads\/2026-sociosanitari-8.jpg\" alt=\"\" class=\"wp-image-72471\" srcset=\"https:\/\/fundacioateneusantroc.org\/wp-content\/uploads\/2026-sociosanitari-8.jpg 720w, https:\/\/fundacioateneusantroc.org\/wp-content\/uploads\/2026-sociosanitari-8-240x300.jpg 240w\" sizes=\"auto, (max-width: 720px) 100vw, 720px\" \/><\/figure>\n\n\n\n<figure class=\"wp-block-image size-large\"><img loading=\"lazy\" decoding=\"async\" width=\"720\" height=\"900\" data-id=\"72475\" src=\"https:\/\/fundacioateneusantroc.org\/wp-content\/uploads\/2026-sociosanitari-10.jpg\" alt=\"\" class=\"wp-image-72475\" srcset=\"https:\/\/fundacioateneusantroc.org\/wp-content\/uploads\/2026-sociosanitari-10.jpg 720w, https:\/\/fundacioateneusantroc.org\/wp-content\/uploads\/2026-sociosanitari-10-240x300.jpg 240w\" sizes=\"auto, (max-width: 720px) 100vw, 720px\" \/><\/figure>\n\n\n\n<figure class=\"wp-block-image size-large\"><img loading=\"lazy\" decoding=\"async\" width=\"720\" height=\"900\" data-id=\"72459\" src=\"https:\/\/fundacioateneusantroc.org\/wp-content\/uploads\/2026-sociosanitari-2.jpg\" alt=\"\" class=\"wp-image-72459\" srcset=\"https:\/\/fundacioateneusantroc.org\/wp-content\/uploads\/2026-sociosanitari-2.jpg 720w, https:\/\/fundacioateneusantroc.org\/wp-content\/uploads\/2026-sociosanitari-2-240x300.jpg 240w\" sizes=\"auto, (max-width: 720px) 100vw, 720px\" \/><\/figure>\n<\/figure>\n","protected":false},"excerpt":{"rendered":"<p>El treball d&#8217;h\u00e0bits saludables \u00e9s un dels objectius de l&#8217;Ateneu. Des dels nadons fins a la [&hellip;]<\/p>\n","protected":false},"author":2,"featured_media":72465,"comment_status":"open","ping_status":"open","sticky":false,"template":"","format":"standard","meta":{"footnotes":""},"categories":[1],"tags":[51],"class_list":["post-72454","post","type-post","status-publish","format-standard","has-post-thumbnail","hentry","category-actualitat","tag-sociosanitari"],"_links":{"self":[{"href":"https:\/\/fundacioateneusantroc.org\/es\/wp-json\/wp\/v2\/posts\/72454","targetHints":{"allow":["GET"]}}],"collection":[{"href":"https:\/\/fundacioateneusantroc.org\/es\/wp-json\/wp\/v2\/posts"}],"about":[{"href":"https:\/\/fundacioateneusantroc.org\/es\/wp-json\/wp\/v2\/types\/post"}],"author":[{"embeddable":true,"href":"https:\/\/fundacioateneusantroc.org\/es\/wp-json\/wp\/v2\/users\/2"}],"replies":[{"embeddable":true,"href":"https:\/\/fundacioateneusantroc.org\/es\/wp-json\/wp\/v2\/comments?post=72454"}],"version-history":[{"count":6,"href":"https:\/\/fundacioateneusantroc.org\/es\/wp-json\/wp\/v2\/posts\/72454\/revisions"}],"predecessor-version":[{"id":72555,"href":"https:\/\/fundacioateneusantroc.org\/es\/wp-json\/wp\/v2\/posts\/72454\/revisions\/72555"}],"wp:featuredmedia":[{"embeddable":true,"href":"https:\/\/fundacioateneusantroc.org\/es\/wp-json\/wp\/v2\/media\/72465"}],"wp:attachment":[{"href":"https:\/\/fundacioateneusantroc.org\/es\/wp-json\/wp\/v2\/media?parent=72454"}],"wp:term":[{"taxonomy":"category","embeddable":true,"href":"https:\/\/fundacioateneusantroc.org\/es\/wp-json\/wp\/v2\/categories?post=72454"},{"taxonomy":"post_tag","embeddable":true,"href":"https:\/\/fundacioateneusantroc.org\/es\/wp-json\/wp\/v2\/tags?post=72454"}],"curies":[{"name":"wp","href":"https:\/\/api.w.org\/{rel}","templated":true}]}}