{"id":72493,"date":"2026-06-23T18:38:00","date_gmt":"2026-06-23T16:38:00","guid":{"rendered":"https:\/\/fundacioateneusantroc.org\/?p=72493"},"modified":"2026-06-23T18:59:06","modified_gmt":"2026-06-23T16:59:06","slug":"rapsodes-2026","status":"publish","type":"post","link":"https:\/\/fundacioateneusantroc.org\/es\/rapsodes-2026\/","title":{"rendered":"Una tarda per aturar-se i escoltar. Rapsodes 2026"},"content":{"rendered":"\n<p>Hi ha tardes que passen de pressa i n&#8217;hi ha d&#8217;altres on sembla que tot s\u2019aturi. La tarda de Rapsodes \u00e9s una d\u2019aquestes \u00faltimes.<\/p>\n\n\n\n<p>Feia un fant\u00e0stic dia de primavera i el badiu de l&#8217;Ateneu es va tornar a convertir en un espai per a la poesia, per a les paraules dites amb calma i per a l&#8217;escolta compartida. El Centre obert Joves, que any rere any s&#8217;encarrega d&#8217;organitzar aquesta trobada, ens va regalar una tarda d&#8217;aquelles que conviden a pensar i a deixar-nos sorprendre per les veus dels altres.<\/p>\n\n\n\n<p>El badiu, ben guarnit amb flors, va anar omplint-se de persones disposades a compartir un poema o simplement a deixar-se portar pels versos. Els joves i els infants del Centre obert infantil i de l&#8217;Aula oberta s&#8217;havien preparat les seves lectures amb entusiasme i les van compartir amb tothom qui s&#8217;hi va acostar entre nervis i somriures. Com sempre, el grup de dones s&#8217;hi va sumar amb ganes, i no van faltar les persones adultes que tamb\u00e9 es van atrevir a posar-se darrere del micr\u00f2fon.<\/p>\n\n\n\n<p>Aquest any, les arpilleres van marcar el cam\u00ed. Dins l&#8217;exposici\u00f3 <a href=\"https:\/\/fundacioateneusantroc.org\/ateneu-arpilleres\/teixint-resistencia-cosim-futur\/\">Teixint resist\u00e8ncia, cosim futur,<\/a> tres t\u00e8xtils ens parlaven de cultura de pau i de la defensa del medi ambient. A partir d&#8217;aquestes dues tem\u00e0tiques es van anar escollint els poemes que vam sentir durant la tarda. Versos que parlaven de natura, de conviv\u00e8ncia, d&#8217;esperan\u00e7a, de lluita i de futur.<\/p>\n\n\n\n<p>El m\u00e9s bonic de Rapsodes \u00e9s que no cal ser poeta ni recitar perfectament. \u00c9s un espai on tothom t\u00e9 cabuda i on descobrim que una mateixa poesia pot sonar diferent en cada veu.<\/p>\n\n\n\n<p>Durant una estona, al badiu nom\u00e9s s\u2019hi escoltaven poemes, silencis atents i persones compartint un mateix moment. Un petit par\u00e8ntesi m\u00e0gic enmig del dia a dia de l&#8217;Ateneu que ens recorda que la cultura tamb\u00e9 \u00e9s aix\u00f2: trobar-nos, escoltar-nos i imaginar juntes un m\u00f3n una mica millor.<\/p>\n\n\n\n<figure class=\"wp-block-gallery has-nested-images columns-default is-cropped wp-block-gallery-1 is-layout-flex wp-block-gallery-is-layout-flex\">\n<figure class=\"wp-block-image size-large\"><img loading=\"lazy\" decoding=\"async\" width=\"1024\" height=\"640\" data-id=\"72510\" src=\"https:\/\/fundacioateneusantroc.org\/wp-content\/uploads\/2026-rapsodes-7.jpg\" alt=\"\" class=\"wp-image-72510\" srcset=\"https:\/\/fundacioateneusantroc.org\/wp-content\/uploads\/2026-rapsodes-7.jpg 1024w, https:\/\/fundacioateneusantroc.org\/wp-content\/uploads\/2026-rapsodes-7-300x188.jpg 300w, https:\/\/fundacioateneusantroc.org\/wp-content\/uploads\/2026-rapsodes-7-768x480.jpg 768w\" sizes=\"auto, (max-width: 1024px) 100vw, 1024px\" \/><\/figure>\n\n\n\n<figure class=\"wp-block-image size-large\"><img loading=\"lazy\" decoding=\"async\" width=\"720\" height=\"900\" data-id=\"72500\" src=\"https:\/\/fundacioateneusantroc.org\/wp-content\/uploads\/2026-rapsodes-2.jpg\" alt=\"\" class=\"wp-image-72500\" srcset=\"https:\/\/fundacioateneusantroc.org\/wp-content\/uploads\/2026-rapsodes-2.jpg 720w, https:\/\/fundacioateneusantroc.org\/wp-content\/uploads\/2026-rapsodes-2-240x300.jpg 240w\" sizes=\"auto, (max-width: 720px) 100vw, 720px\" \/><\/figure>\n\n\n\n<figure class=\"wp-block-image size-large\"><img loading=\"lazy\" decoding=\"async\" width=\"720\" height=\"900\" data-id=\"72508\" src=\"https:\/\/fundacioateneusantroc.org\/wp-content\/uploads\/2026-rapsodes-6.jpg\" alt=\"\" class=\"wp-image-72508\" srcset=\"https:\/\/fundacioateneusantroc.org\/wp-content\/uploads\/2026-rapsodes-6.jpg 720w, https:\/\/fundacioateneusantroc.org\/wp-content\/uploads\/2026-rapsodes-6-240x300.jpg 240w\" sizes=\"auto, (max-width: 720px) 100vw, 720px\" \/><\/figure>\n\n\n\n<figure class=\"wp-block-image size-large\"><img loading=\"lazy\" decoding=\"async\" width=\"1024\" height=\"640\" data-id=\"72506\" src=\"https:\/\/fundacioateneusantroc.org\/wp-content\/uploads\/2026-rapsodes-5.jpg\" alt=\"\" class=\"wp-image-72506\" srcset=\"https:\/\/fundacioateneusantroc.org\/wp-content\/uploads\/2026-rapsodes-5.jpg 1024w, https:\/\/fundacioateneusantroc.org\/wp-content\/uploads\/2026-rapsodes-5-300x188.jpg 300w, https:\/\/fundacioateneusantroc.org\/wp-content\/uploads\/2026-rapsodes-5-768x480.jpg 768w\" sizes=\"auto, (max-width: 1024px) 100vw, 1024px\" \/><\/figure>\n\n\n\n<figure class=\"wp-block-image size-large\"><img loading=\"lazy\" decoding=\"async\" width=\"720\" height=\"900\" data-id=\"72504\" src=\"https:\/\/fundacioateneusantroc.org\/wp-content\/uploads\/2026-rapsodes-4.jpg\" alt=\"\" class=\"wp-image-72504\" srcset=\"https:\/\/fundacioateneusantroc.org\/wp-content\/uploads\/2026-rapsodes-4.jpg 720w, https:\/\/fundacioateneusantroc.org\/wp-content\/uploads\/2026-rapsodes-4-240x300.jpg 240w\" sizes=\"auto, (max-width: 720px) 100vw, 720px\" \/><\/figure>\n<\/figure>\n\n\n\n<figure class=\"wp-block-image size-large\"><img loading=\"lazy\" decoding=\"async\" width=\"1024\" height=\"640\" src=\"https:\/\/fundacioateneusantroc.org\/wp-content\/uploads\/2026-rapsodes-3.jpg\" alt=\"\" class=\"wp-image-72502\" srcset=\"https:\/\/fundacioateneusantroc.org\/wp-content\/uploads\/2026-rapsodes-3.jpg 1024w, https:\/\/fundacioateneusantroc.org\/wp-content\/uploads\/2026-rapsodes-3-300x188.jpg 300w, https:\/\/fundacioateneusantroc.org\/wp-content\/uploads\/2026-rapsodes-3-768x480.jpg 768w\" sizes=\"auto, (max-width: 1024px) 100vw, 1024px\" \/><\/figure>\n","protected":false},"excerpt":{"rendered":"<p>Hi ha tardes que passen de pressa i n&#8217;hi ha d&#8217;altres on sembla que tot s\u2019aturi. [&hellip;]<\/p>\n","protected":false},"author":2,"featured_media":72498,"comment_status":"open","ping_status":"open","sticky":false,"template":"","format":"standard","meta":{"footnotes":""},"categories":[1,787],"tags":[28,1609,734],"class_list":["post-72493","post","type-post","status-publish","format-standard","has-post-thumbnail","hentry","category-actualitat","category-les-arpilleres","tag-arpilleras","tag-centre-obert-joves","tag-dinamitzacio-sociocultural"],"_links":{"self":[{"href":"https:\/\/fundacioateneusantroc.org\/es\/wp-json\/wp\/v2\/posts\/72493","targetHints":{"allow":["GET"]}}],"collection":[{"href":"https:\/\/fundacioateneusantroc.org\/es\/wp-json\/wp\/v2\/posts"}],"about":[{"href":"https:\/\/fundacioateneusantroc.org\/es\/wp-json\/wp\/v2\/types\/post"}],"author":[{"embeddable":true,"href":"https:\/\/fundacioateneusantroc.org\/es\/wp-json\/wp\/v2\/users\/2"}],"replies":[{"embeddable":true,"href":"https:\/\/fundacioateneusantroc.org\/es\/wp-json\/wp\/v2\/comments?post=72493"}],"version-history":[{"count":6,"href":"https:\/\/fundacioateneusantroc.org\/es\/wp-json\/wp\/v2\/posts\/72493\/revisions"}],"predecessor-version":[{"id":72513,"href":"https:\/\/fundacioateneusantroc.org\/es\/wp-json\/wp\/v2\/posts\/72493\/revisions\/72513"}],"wp:featuredmedia":[{"embeddable":true,"href":"https:\/\/fundacioateneusantroc.org\/es\/wp-json\/wp\/v2\/media\/72498"}],"wp:attachment":[{"href":"https:\/\/fundacioateneusantroc.org\/es\/wp-json\/wp\/v2\/media?parent=72493"}],"wp:term":[{"taxonomy":"category","embeddable":true,"href":"https:\/\/fundacioateneusantroc.org\/es\/wp-json\/wp\/v2\/categories?post=72493"},{"taxonomy":"post_tag","embeddable":true,"href":"https:\/\/fundacioateneusantroc.org\/es\/wp-json\/wp\/v2\/tags?post=72493"}],"curies":[{"name":"wp","href":"https:\/\/api.w.org\/{rel}","templated":true}]}}