{"id":72695,"date":"2026-07-05T09:58:38","date_gmt":"2026-07-05T07:58:38","guid":{"rendered":"https:\/\/fundacioateneusantroc.org\/?p=72695"},"modified":"2026-07-05T09:59:26","modified_gmt":"2026-07-05T07:59:26","slug":"catalunya-cristiana-lateneu-sant-roc-vol-fer-possible-un-estiu-inoblidable-per-als-infants-amb-menys-recursos","status":"publish","type":"post","link":"https:\/\/fundacioateneusantroc.org\/es\/catalunya-cristiana-lateneu-sant-roc-vol-fer-possible-un-estiu-inoblidable-per-als-infants-amb-menys-recursos\/","title":{"rendered":"Catalunya Cristiana \u2022 &#8220;L\u2019Ateneu Sant Roc vol fer possible un estiu inoblidable per als infants amb menys recursos&#8221;"},"content":{"rendered":"\n<h3 class=\"wp-block-heading\"><br>L\u2019entitat del barri badalon\u00ed de Sant Roc engega la campanya \u201cTrencar la guardiola\u201d<\/h3>\n\n\n\n<figure class=\"wp-block-image size-full\"><img loading=\"lazy\" decoding=\"async\" width=\"800\" height=\"500\" src=\"https:\/\/fundacioateneusantroc.org\/wp-content\/uploads\/2026-catalunya-cristiana.jpg\" alt=\"\" class=\"wp-image-72696\" srcset=\"https:\/\/fundacioateneusantroc.org\/wp-content\/uploads\/2026-catalunya-cristiana.jpg 800w, https:\/\/fundacioateneusantroc.org\/wp-content\/uploads\/2026-catalunya-cristiana-300x188.jpg 300w, https:\/\/fundacioateneusantroc.org\/wp-content\/uploads\/2026-catalunya-cristiana-768x480.jpg 768w\" sizes=\"auto, (max-width: 800px) 100vw, 800px\" \/><\/figure>\n\n\n\n<p><strong>Joan Andreu Parra \u00b7 2\/07\/2026<\/strong><\/p>\n\n\n\n<p>Un 29,4% de catalans declara que no es pot permetre una setmana a l\u2019any de vacances, segons l\u2019Enquesta de condicions de vida 2025 de l\u2019Idescat. Al barri badalon\u00ed de Sant Roc, un dels m\u00e9s empobrits del pa\u00eds, \u00e9s la immensa majoria dels seus habitants que no poden ni somiar amb aquest temps de descans perqu\u00e8 la seva minsa renda no els ho permet. Aix\u00f2 fa que un dels principals perjudicats siguin els infants i joves que, acabat el per\u00edode escolar, veuen redu\u00efdes les possibilitats de creixement del temps estival.<\/p>\n\n\n\n<p>A la Fundaci\u00f3 Ateneu Sant Roc, que durant l\u2019any acompanya infants, adolescents, joves i fam\u00edlies en diferents projectes, a l\u2019estiu s\u2019activen el casal infantil, el casal jove, el casal Trinit\u00e0ries (al col\u00b7legi Sant\u00edssima Trinitat), la ruta de joves i les col\u00f2nies infantils a Sant Pau de Seg\u00faries (Ripoll\u00e8s). Un total de 170 infants i joves, acompanyats per 40 monitors, viuran unes setmanes plenes d\u2019activitats, aprenentatges, conviv\u00e8ncia, amistat i molta diversi\u00f3. Enguany el fil conductor ser\u00e0 Gaud\u00ed i el modernisme.<\/p>\n\n\n\n<p>\u201cSabem com n\u2019\u00e9s, d\u2019important, sortir de la ciutat, compartir h\u00e0bits saludables i passar uns dies immersos en plena natura. Per a la nostra canalla \u00e9s una gran oportunitat per cr\u00e9ixer, viure un munt d\u2019experi\u00e8ncies i crear records que els acompanyaran tota la vida\u201d, asseguren des de la Fundaci\u00f3. Per tal de facilitar beques a les fam\u00edlies per poder realitzar aquestes activitats de lleure han activat la campanya \u201c<a href=\"https:\/\/fundacioateneusantroc.org\/trencarlaguardiola2026\/\">Trencar la guardiola<\/a>\u201d, amb els avantatges fiscals habituals. El treball d\u2019aquesta Fundaci\u00f3 a red\u00f3s de la parr\u00f2quia de Sant Roc, que porten els agustins de Catalunya, va ser elogiat per Robert Francis Prevost, l\u2019actual papa Lle\u00f3 XIV, quan va visitar els projectes el temps que va ser prior general de l\u2019orde.<\/p>\n\n\n\n<p>Publicat a <a href=\"https:\/\/www.catalunyacristiana.cat\/lateneu-sant-roc-vol-fer-possible-un-estiu-inoblidable-per-als-infants-amb-menys-recursos\/\" target=\"_blank\" rel=\"noopener\">https:\/\/www.catalunyacristiana.cat\/lateneu-sant-roc-vol-fer-possible-un-estiu-inoblidable-per-als-infants-amb-menys-recursos\/<\/a><\/p>\n","protected":false},"excerpt":{"rendered":"<p>L\u2019entitat del barri badalon\u00ed de Sant Roc engega la campanya \u201cTrencar la guardiola\u201d Joan Andreu Parra [&hellip;]<\/p>\n","protected":false},"author":2,"featured_media":54481,"comment_status":"open","ping_status":"open","sticky":false,"template":"","format":"standard","meta":{"footnotes":""},"categories":[2],"tags":[70],"class_list":["post-72695","post","type-post","status-publish","format-standard","has-post-thumbnail","hentry","category-premsa","tag-activitats-de-vacances"],"_links":{"self":[{"href":"https:\/\/fundacioateneusantroc.org\/es\/wp-json\/wp\/v2\/posts\/72695","targetHints":{"allow":["GET"]}}],"collection":[{"href":"https:\/\/fundacioateneusantroc.org\/es\/wp-json\/wp\/v2\/posts"}],"about":[{"href":"https:\/\/fundacioateneusantroc.org\/es\/wp-json\/wp\/v2\/types\/post"}],"author":[{"embeddable":true,"href":"https:\/\/fundacioateneusantroc.org\/es\/wp-json\/wp\/v2\/users\/2"}],"replies":[{"embeddable":true,"href":"https:\/\/fundacioateneusantroc.org\/es\/wp-json\/wp\/v2\/comments?post=72695"}],"version-history":[{"count":12,"href":"https:\/\/fundacioateneusantroc.org\/es\/wp-json\/wp\/v2\/posts\/72695\/revisions"}],"predecessor-version":[{"id":72709,"href":"https:\/\/fundacioateneusantroc.org\/es\/wp-json\/wp\/v2\/posts\/72695\/revisions\/72709"}],"wp:featuredmedia":[{"embeddable":true,"href":"https:\/\/fundacioateneusantroc.org\/es\/wp-json\/wp\/v2\/media\/54481"}],"wp:attachment":[{"href":"https:\/\/fundacioateneusantroc.org\/es\/wp-json\/wp\/v2\/media?parent=72695"}],"wp:term":[{"taxonomy":"category","embeddable":true,"href":"https:\/\/fundacioateneusantroc.org\/es\/wp-json\/wp\/v2\/categories?post=72695"},{"taxonomy":"post_tag","embeddable":true,"href":"https:\/\/fundacioateneusantroc.org\/es\/wp-json\/wp\/v2\/tags?post=72695"}],"curies":[{"name":"wp","href":"https:\/\/api.w.org\/{rel}","templated":true}]}}